{"id":13405,"date":"2018-08-10T12:26:27","date_gmt":"2018-08-10T10:26:27","guid":{"rendered":"https:\/\/www.treatwell.de\/treatment-files\/?p=7725"},"modified":"2018-08-10T12:26:27","modified_gmt":"2018-08-10T10:26:27","slug":"haartrends-2018","status":"publish","type":"post","link":"https:\/\/www.treatwell.ch/treatment-files\/haartrends-2018\/","title":{"rendered":"Haartrends 2018"},"content":{"rendered":"<p>\u00dcberall heisst es neues\u00a0Jahr, neues\u00a0Gl\u00fcck. F\u00fcr viele ist so ein Neuanfang auch mit einer neuen Frisur verbunden. Egal ob neuer Schnitt, neue Farbe oder neues Styling. Wir haben die coolesten Haartrends f\u00fcr 2018 zusammengestellt. Hier ist wirklich f\u00fcr jeden etwas dabei. Von kleine Ver\u00e4nderungen wie einem Pony (feiert einen grossen Comeback) bis zu gewagten Farbschopf (Silber is das neue Blond). Halbl\u00e4ngen wie der Longbob sind noch immer cool und werden mit einer Aufhellung (Dirty Blond) ganz neu getragen. Wer seine M\u00e4hne im letzten Jahr fleissig gez\u00fcchtet hat, der sollte sich jetzt einen Termin zur Intensivpflege oder Keratinbehandlung buchen um &#8220;Sleek &amp; chic&#8221; im neuen Jahr zu beeindrucken. F\u00fcr die extra Portion Schwung (wer kann den nicht gebrauchen zum\u00a0 Jahresbeginn) sorgt ein leichter Stufenschnitt mit anschliessenden Blow-Dry.<\/p>\n<p>Hier kommen die Haartrends 2018&#8230;<\/p>\n<p>&nbsp;<\/p>\n<p>Sarah Berger<\/p>\n","protected":false},"excerpt":{"rendered":"<p>\u00dcberall heisst es neues\u00a0Jahr, neues\u00a0Gl\u00fcck. F\u00fcr viele ist so ein Neuanfang auch mit einer neuen Frisur verbunden. Egal ob neuer Schnitt, neue Farbe oder neues Styling. Wir haben die coolesten Haartrends f\u00fcr 2018 zusammengestellt. Hier ist wirklich f\u00fcr jeden etwas dabei. Von kleine Ver\u00e4nderungen wie einem Pony (feiert einen grossen Comeback) bis zu gewagten Farbschopf [&hellip;]<\/p>\n","protected":false},"author":3290,"featured_media":13412,"comment_status":"closed","ping_status":"closed","sticky":false,"template":"","format":"standard","meta":{"_acf_changed":false,"_yoast_wpseo_title":"","_yoast_wpseo_metadesc":"Egal ob neuer Schnitt, neue Farbe oder neues Styling. Wir haben die coolesten Haartrends f\u00fcr 2018 zusammengestellt. Hier ist wirklich f\u00fcr jeden etwas dabei.","_genesis_hide_title":false,"_genesis_hide_breadcrumbs":false,"_genesis_hide_singular_image":false,"_genesis_hide_footer_widgets":false,"_genesis_custom_body_class":"","_genesis_custom_post_class":"","_genesis_layout":"","saswp_custom_schema_field":"","footnotes":""},"categories":[9],"tags":[3,5],"class_list":{"0":"post-13405","1":"post","2":"type-post","3":"status-publish","4":"format-standard","5":"has-post-thumbnail","7":"category-beauty","8":"tag-tt6","9":"tag-tr166","10":"entry"},"acf":{"post_credits":"Bildrechte: Instagram: @theamanda_h, @alannaarrington, @kind_regards, @mijuvansalon, @jamiekornreich, @shaninamshaik, @rosielondoner","beauty_blog_post_button_title":"","beauty_blog_post_button":"","landscape_picture":null,"blocks":[{"block_title":"Bob mit Pony","block_content":"<p>Wir garantieren&nbsp;euch, dass ihr&nbsp;diesen&nbsp;Haartrend&nbsp;bald &uuml;berall sehen&nbsp;werdet. Dieser&nbsp;Style ist&nbsp;unglaublich&nbsp;tragbar&nbsp;und passt&nbsp;zu jeder&nbsp;Gesichtsform. Nur&nbsp;die&nbsp;<a href=\"https:\/\/www.treatwell.ch\/orte\/behandlung-damenhaarschnitt\/angebot-typ-lokal\/in-zuerich-ch\/\">Pony-Partie<\/a>&nbsp;sollte&nbsp;nicht zu&nbsp;stumpf abgeschnitten werden. Statt einer &uuml;berkorrekten geraden Linie, passt hier ein l&auml;ssig fallende Version viel besser. Der Undone-Effekt macht den Look casual cool.<\/p>\n\n<p>Tipp vom Experten: Den Pony minimal zu lang tragen. Lieber einmal&nbsp;&ouml;fter zum trimmen kommen&nbsp;(geht&nbsp;schnell &amp; ist in vielen Salons sogar&nbsp;gratis). Damit&nbsp;fallen die Stirnstr&auml;hnen einfach&nbsp;besser&nbsp;und falls es doch&nbsp;mal nervt, kannst du die Haare einfach noch zur&nbsp;Seite&nbsp;und hinter die Ohren&nbsp;k&auml;mmen.<\/p>\n\n<p>Wer tr&auml;gt es jetzt schon: Alexa Chung, Felicity Jones, Taylor Swift, Anna Faris&nbsp;<\/p>\n","video_content":"","block_picture":13406},{"block_title":"Sleek &amp; Chic","block_content":"<p>Holt die Gl&auml;tteisen raus! Extrem&nbsp;glatte, gl&auml;nzende L&auml;ngen sind auch in 2018 wieder total angesagt. Wichtig ist hier vor allem die Pflege. Haar&ouml;le und Seren sind die besten Freunde f&uuml;r diesen&nbsp;<a href=\"https:\/\/www.treatwell.ch\/orte\/behandlung-damen-haare-glaetten,haarverlaengerung\/angebot-typ-lokal\/in-zuerich-ch\/\">sleeken Haarstyle<\/a>.<br \/>\nDer Tipp vom Experten: Bespr&uuml;he ein Mascara-B&uuml;rstchen mit Haarspray und z&auml;hme damit alle noch so kleinen, fliegenden H&auml;rchen. So klappt&#039;s mit dem perfekten Sleek &amp; Chic Haarstyle 2018.&nbsp;<\/p>\n\n<p>Wer tr&auml;gt es jetzt schon: Beyonc&eacute;, Shanina Shaik, Nicki Minaj, Kim Kardashian<\/p>\n","video_content":"","block_picture":13407},{"block_title":"Dirty Blonde","block_content":"<p>Dirty Blonde (dreckiges Blond) &ndash; so heisst die neue&nbsp;Lieblingfarbe der Promis. Bei diesem&nbsp;<a href=\"https:\/\/www.treatwell.ch\/orte\/behandlung-damen-farbe-toenung-straehnen\/angebot-typ-lokal\/in-zuerich-ch\/\">Farbtrend<\/a>&nbsp;d&uuml;rfen die&nbsp;Ans&auml;tze dunkel bleiben und die L&auml;ngen strahlen&nbsp;in Goldblond. Bye-bye Platinblond, 2018 wollen wir wieder etwas w&auml;rmere T&ouml;ne.<\/p>\n\n<p>Wer tr&auml;gt es jetzt schon:&nbsp;Selena Gomez, Lily Colins<\/p>\n","video_content":"","block_picture":13408},{"block_title":"Curly Shag","block_content":"<p>Flash Dance is back! Die Kultfrisur hat ein&nbsp;Update erhalten und kommt jetzt extra chic und super gl&auml;nzend daher. Einige Celebrities und Models, z.B. Alison Brie und&nbsp;Alanna Arrington, rocken den 80er-Shag mit viel Volumen und Textur. Wer also bereits nat&uuml;rlich mit Locken gesegnet ist, dem empfehlen wir wirklich jede Angst abzulegen und diesen neuen Haarstyle zu probieren. Noch cooler wird es mit einem gelockten Pony.&nbsp;<a href=\"https:\/\/www.treatwell.ch\/orte\/behandlung-damenhaarschnitt,dauerwelle\/angebot-typ-lokal\/in-zuerich-ch\/\">Trau dich!<\/a><\/p>\n","video_content":"","block_picture":13409},{"block_title":"Big &amp; Bouncy","block_content":"<p>Voll verf&ouml;hnt! Besser k&ouml;nnen wir diesen Haartrend fast nicht beschreiben. F&ouml;hnfrisuren&nbsp;triumphieren&nbsp;wieder&nbsp;Fashion Week Shows und&nbsp;haben&nbsp;auch die Herzen&nbsp;vieler&nbsp;Celebrities&nbsp;(bzw. ihre Sch&ouml;pfe) im&nbsp;Sturm erobert. Keine&nbsp;Spur&nbsp;mehr&nbsp;vom&nbsp;uncoolen Image, das&nbsp;<a href=\"https:\/\/www.treatwell.ch\/orte\/behandlung-styling-foehnen\/angebot-typ-lokal\/in-zuerich-ch\/\">Frisch-gef&ouml;hnt-Gef&uuml;hl<\/a>&nbsp;will jetzt&nbsp;jeder. Gl&auml;nzend, glamour&ouml;s und mit&nbsp;ganz&nbsp;viel&nbsp;Schwung&nbsp;zeigt sich&nbsp;dein Haar&nbsp;von der&nbsp;ges&uuml;ndesten&nbsp;Seite. Wellen und Locken sind gross, gebrochen und der Scheitel ganz flexibel auf jeder Seite getragen (f&uuml;r extra Voloumen, auch gerne einfach mal reingreifen und r&uuml;berwerfen).<\/p>\n\n<p>Tipp vom Experten: Finger weg von Lockenwicklern. Das Haar soll&nbsp;sich ganz nat&uuml;rlich bewegen und fliessen.&nbsp;<\/p>\n\n<p>Wer&nbsp;tr&auml;gt es jetzt schon: Kate Middleton, Jennifer Lopez,&nbsp;Amanda Seyfried,&nbsp;Jessica Biel<\/p>\n","video_content":"","block_picture":13410},{"block_title":"Silber","block_content":"<p>Letztes Jahr waren es Pastelfarben und Graut&ouml;ne, 2018 kommt wieder etwas mehr&nbsp;Luxus ins Spiel. D&uuml;rfen wir&nbsp;vorstellen: silberne&nbsp;Haare. Gl&auml;nzendes Haar mit einem fast metallischen Finish wirkt sofort magisch. Metallic Farben und T&ouml;ne sind&nbsp;wieder&nbsp;besonders im&nbsp;Trend, von Make-up und Fashion bis&nbsp;ins&nbsp;Haar. Wir empfehlen&nbsp;ein&nbsp;<a href=\"https:\/\/www.treatwell.ch\/orte\/behandlung-haarkuren-pflege\/angebot-typ-lokal\/in-zuerich-ch\/\">Glossing<\/a>&nbsp;Treatment f&uuml;r den ultimativen Glanzeffekt.&nbsp;<\/p>\n\n<p>Wer&nbsp;tr&auml;gt es jetzt schon: Sarah Harris, Hilary Duff, Even Rachel Wood, Lady Gaga<\/p>\n","video_content":"","block_picture":13411}]},"yoast_head":"<!-- This site is optimized with the Yoast SEO plugin v27.5 - https:\/\/yoast.com\/product\/yoast-seo-wordpress\/ -->\n<title>Haartrends 2018 | Treatwell<\/title>\n<meta name=\"description\" content=\"Egal ob neuer Schnitt, neue Farbe oder neues Styling. Wir haben die coolesten Haartrends f\u00fcr 2018 zusammengestellt. Hier ist wirklich f\u00fcr jeden etwas dabei.\" \/>\n<meta name=\"robots\" content=\"index, follow, max-snippet:-1, max-image-preview:large, max-video-preview:-1\" \/>\n<link rel=\"canonical\" href=\"https:\/\/www.treatwell.ch/treatment-files\/haartrends-2018\/\" \/>\n<meta property=\"og:locale\" content=\"de_DE\" \/>\n<meta property=\"og:type\" content=\"article\" \/>\n<meta property=\"og:title\" content=\"Haartrends 2018 | Treatwell\" \/>\n<meta property=\"og:description\" content=\"Egal ob neuer Schnitt, neue Farbe oder neues Styling. Wir haben die coolesten Haartrends f\u00fcr 2018 zusammengestellt. Hier ist wirklich f\u00fcr jeden etwas dabei.\" \/>\n<meta property=\"og:url\" content=\"https:\/\/www.treatwell.ch/treatment-files\/haartrends-2018\/\" \/>\n<meta property=\"og:site_name\" content=\"The Treatment Files\" \/>\n<meta property=\"article:published_time\" content=\"2018-08-10T10:26:27+00:00\" \/>\n<meta name=\"twitter:card\" content=\"summary_large_image\" \/>\n<meta name=\"twitter:label1\" content=\"Geschrieben von\" \/>\n\t<meta name=\"twitter:data1\" content=\"\" \/>\n\t<meta name=\"twitter:label2\" content=\"Gesch\u00e4tzte Lesezeit\" \/>\n\t<meta name=\"twitter:data2\" content=\"1 Minute\" \/>\n<script type=\"application\/ld+json\" class=\"yoast-schema-graph\">{\"@context\":\"https:\\\/\\\/schema.org\",\"@graph\":[{\"@type\":\"Article\",\"@id\":\"https:\\\/\\\/www.treatwell.ch/treatment-files\\\/haartrends-2018\\\/#article\",\"isPartOf\":{\"@id\":\"https:\\\/\\\/www.treatwell.ch/treatment-files\\\/haartrends-2018\\\/\"},\"author\":{\"name\":\"\",\"@id\":\"\"},\"headline\":\"Haartrends 2018\",\"datePublished\":\"2018-08-10T10:26:27+00:00\",\"mainEntityOfPage\":{\"@id\":\"https:\\\/\\\/www.treatwell.ch/treatment-files\\\/haartrends-2018\\\/\"},\"wordCount\":144,\"publisher\":{\"@id\":\"https:\\\/\\\/www.treatwell.ch/treatment-files\\\/#organization\"},\"image\":{\"@id\":\"https:\\\/\\\/www.treatwell.ch/treatment-files\\\/haartrends-2018\\\/#primaryimage\"},\"thumbnailUrl\":\"https:\\\/\\\/www.treatwell.ch/treatment-files\\\/wp-content\\\/uploads\\\/sites\\\/11\\\/2022\\\/03\\\/Bildschirmfoto-2018-01-16-um-15.00.37.png\",\"keywords\":[\"Hair\",\"Haircuts and Hairdressing\"],\"articleSection\":[\"Beauty\"],\"inLanguage\":\"de-CH\"},{\"@type\":\"WebPage\",\"@id\":\"https:\\\/\\\/www.treatwell.ch/treatment-files\\\/haartrends-2018\\\/\",\"url\":\"https:\\\/\\\/www.treatwell.ch/treatment-files\\\/haartrends-2018\\\/\",\"name\":\"Haartrends 2018 | Treatwell\",\"isPartOf\":{\"@id\":\"https:\\\/\\\/www.treatwell.ch/treatment-files\\\/#website\"},\"primaryImageOfPage\":{\"@id\":\"https:\\\/\\\/www.treatwell.ch/treatment-files\\\/haartrends-2018\\\/#primaryimage\"},\"image\":{\"@id\":\"https:\\\/\\\/www.treatwell.ch/treatment-files\\\/haartrends-2018\\\/#primaryimage\"},\"thumbnailUrl\":\"https:\\\/\\\/www.treatwell.ch/treatment-files\\\/wp-content\\\/uploads\\\/sites\\\/11\\\/2022\\\/03\\\/Bildschirmfoto-2018-01-16-um-15.00.37.png\",\"datePublished\":\"2018-08-10T10:26:27+00:00\",\"description\":\"Egal ob neuer Schnitt, neue Farbe oder neues Styling. Wir haben die coolesten Haartrends f\u00fcr 2018 zusammengestellt. Hier ist wirklich f\u00fcr jeden etwas dabei.\",\"breadcrumb\":{\"@id\":\"https:\\\/\\\/www.treatwell.ch/treatment-files\\\/haartrends-2018\\\/#breadcrumb\"},\"inLanguage\":\"de-CH\",\"potentialAction\":[{\"@type\":\"ReadAction\",\"target\":[\"https:\\\/\\\/www.treatwell.ch/treatment-files\\\/haartrends-2018\\\/\"]}]},{\"@type\":\"ImageObject\",\"inLanguage\":\"de-CH\",\"@id\":\"https:\\\/\\\/www.treatwell.ch/treatment-files\\\/haartrends-2018\\\/#primaryimage\",\"url\":\"https:\\\/\\\/www.treatwell.ch/treatment-files\\\/wp-content\\\/uploads\\\/sites\\\/11\\\/2022\\\/03\\\/Bildschirmfoto-2018-01-16-um-15.00.37.png\",\"contentUrl\":\"https:\\\/\\\/www.treatwell.ch/treatment-files\\\/wp-content\\\/uploads\\\/sites\\\/11\\\/2022\\\/03\\\/Bildschirmfoto-2018-01-16-um-15.00.37.png\",\"width\":478,\"height\":594},{\"@type\":\"BreadcrumbList\",\"@id\":\"https:\\\/\\\/www.treatwell.ch/treatment-files\\\/haartrends-2018\\\/#breadcrumb\",\"itemListElement\":[{\"@type\":\"ListItem\",\"position\":1,\"name\":\"Home\",\"item\":\"https:\\\/\\\/www.treatwell.ch/treatment-files\\\/\"},{\"@type\":\"ListItem\",\"position\":2,\"name\":\"Beauty\",\"item\":\"https:\\\/\\\/www.treatwell.ch/treatment-files\\\/beauty\\\/\"},{\"@type\":\"ListItem\",\"position\":3,\"name\":\"Haartrends 2018\"}]},{\"@type\":\"WebSite\",\"@id\":\"https:\\\/\\\/www.treatwell.ch/treatment-files\\\/#website\",\"url\":\"https:\\\/\\\/www.treatwell.ch/treatment-files\\\/\",\"name\":\"The Treatment Files\",\"description\":\"Beauty entdecken. Beauty erleben.\",\"publisher\":{\"@id\":\"https:\\\/\\\/www.treatwell.ch/treatment-files\\\/#organization\"},\"potentialAction\":[{\"@type\":\"SearchAction\",\"target\":{\"@type\":\"EntryPoint\",\"urlTemplate\":\"https:\\\/\\\/www.treatwell.ch/treatment-files\\\/?s={search_term_string}\"},\"query-input\":{\"@type\":\"PropertyValueSpecification\",\"valueRequired\":true,\"valueName\":\"search_term_string\"}}],\"inLanguage\":\"de-CH\"},{\"@type\":\"Organization\",\"@id\":\"https:\\\/\\\/www.treatwell.ch/treatment-files\\\/#organization\",\"name\":\"Treatwell\",\"url\":\"https:\\\/\\\/www.treatwell.ch/treatment-files\\\/\",\"logo\":{\"@type\":\"ImageObject\",\"inLanguage\":\"de-CH\",\"@id\":\"https:\\\/\\\/www.treatwell.ch/treatment-files\\\/#\\\/schema\\\/logo\\\/image\\\/\",\"url\":\"https:\\\/\\\/www.treatwell.ch/treatment-files\\\/wp-content\\\/uploads\\\/sites\\\/11\\\/2022\\\/03\\\/logo_treatwell.png\",\"contentUrl\":\"https:\\\/\\\/www.treatwell.ch/treatment-files\\\/wp-content\\\/uploads\\\/sites\\\/11\\\/2022\\\/03\\\/logo_treatwell.png\",\"width\":889,\"height\":164,\"caption\":\"Treatwell\"},\"image\":{\"@id\":\"https:\\\/\\\/www.treatwell.ch/treatment-files\\\/#\\\/schema\\\/logo\\\/image\\\/\"}},{\"@type\":\"Person\",\"@id\":\"\",\"url\":\"https:\\\/\\\/www.treatwell.ch/treatment-files\\\/author\\\/\"}]}<\/script>\n<!-- \/ Yoast SEO plugin. -->","yoast_head_json":{"title":"Haartrends 2018 | Treatwell","description":"Egal ob neuer Schnitt, neue Farbe oder neues Styling. Wir haben die coolesten Haartrends f\u00fcr 2018 zusammengestellt. Hier ist wirklich f\u00fcr jeden etwas dabei.","robots":{"index":"index","follow":"follow","max-snippet":"max-snippet:-1","max-image-preview":"max-image-preview:large","max-video-preview":"max-video-preview:-1"},"canonical":"https:\/\/www.treatwell.ch/treatment-files\/haartrends-2018\/","og_locale":"de_DE","og_type":"article","og_title":"Haartrends 2018 | Treatwell","og_description":"Egal ob neuer Schnitt, neue Farbe oder neues Styling. Wir haben die coolesten Haartrends f\u00fcr 2018 zusammengestellt. Hier ist wirklich f\u00fcr jeden etwas dabei.","og_url":"https:\/\/www.treatwell.ch/treatment-files\/haartrends-2018\/","og_site_name":"The Treatment Files","article_published_time":"2018-08-10T10:26:27+00:00","twitter_card":"summary_large_image","twitter_misc":{"Geschrieben von":"","Gesch\u00e4tzte Lesezeit":"1 Minute"},"schema":{"@context":"https:\/\/schema.org","@graph":[{"@type":"Article","@id":"https:\/\/www.treatwell.ch/treatment-files\/haartrends-2018\/#article","isPartOf":{"@id":"https:\/\/www.treatwell.ch/treatment-files\/haartrends-2018\/"},"author":{"name":"","@id":""},"headline":"Haartrends 2018","datePublished":"2018-08-10T10:26:27+00:00","mainEntityOfPage":{"@id":"https:\/\/www.treatwell.ch/treatment-files\/haartrends-2018\/"},"wordCount":144,"publisher":{"@id":"https:\/\/www.treatwell.ch/treatment-files\/#organization"},"image":{"@id":"https:\/\/www.treatwell.ch/treatment-files\/haartrends-2018\/#primaryimage"},"thumbnailUrl":"https:\/\/www.treatwell.ch/treatment-files\/wp-content\/uploads\/sites\/11\/2022\/03\/Bildschirmfoto-2018-01-16-um-15.00.37.png","keywords":["Hair","Haircuts and Hairdressing"],"articleSection":["Beauty"],"inLanguage":"de-CH"},{"@type":"WebPage","@id":"https:\/\/www.treatwell.ch/treatment-files\/haartrends-2018\/","url":"https:\/\/www.treatwell.ch/treatment-files\/haartrends-2018\/","name":"Haartrends 2018 | Treatwell","isPartOf":{"@id":"https:\/\/www.treatwell.ch/treatment-files\/#website"},"primaryImageOfPage":{"@id":"https:\/\/www.treatwell.ch/treatment-files\/haartrends-2018\/#primaryimage"},"image":{"@id":"https:\/\/www.treatwell.ch/treatment-files\/haartrends-2018\/#primaryimage"},"thumbnailUrl":"https:\/\/www.treatwell.ch/treatment-files\/wp-content\/uploads\/sites\/11\/2022\/03\/Bildschirmfoto-2018-01-16-um-15.00.37.png","datePublished":"2018-08-10T10:26:27+00:00","description":"Egal ob neuer Schnitt, neue Farbe oder neues Styling. Wir haben die coolesten Haartrends f\u00fcr 2018 zusammengestellt. Hier ist wirklich f\u00fcr jeden etwas dabei.","breadcrumb":{"@id":"https:\/\/www.treatwell.ch/treatment-files\/haartrends-2018\/#breadcrumb"},"inLanguage":"de-CH","potentialAction":[{"@type":"ReadAction","target":["https:\/\/www.treatwell.ch/treatment-files\/haartrends-2018\/"]}]},{"@type":"ImageObject","inLanguage":"de-CH","@id":"https:\/\/www.treatwell.ch/treatment-files\/haartrends-2018\/#primaryimage","url":"https:\/\/www.treatwell.ch/treatment-files\/wp-content\/uploads\/sites\/11\/2022\/03\/Bildschirmfoto-2018-01-16-um-15.00.37.png","contentUrl":"https:\/\/www.treatwell.ch/treatment-files\/wp-content\/uploads\/sites\/11\/2022\/03\/Bildschirmfoto-2018-01-16-um-15.00.37.png","width":478,"height":594},{"@type":"BreadcrumbList","@id":"https:\/\/www.treatwell.ch/treatment-files\/haartrends-2018\/#breadcrumb","itemListElement":[{"@type":"ListItem","position":1,"name":"Home","item":"https:\/\/www.treatwell.ch/treatment-files\/"},{"@type":"ListItem","position":2,"name":"Beauty","item":"https:\/\/www.treatwell.ch/treatment-files\/beauty\/"},{"@type":"ListItem","position":3,"name":"Haartrends 2018"}]},{"@type":"WebSite","@id":"https:\/\/www.treatwell.ch/treatment-files\/#website","url":"https:\/\/www.treatwell.ch/treatment-files\/","name":"The Treatment Files","description":"Beauty entdecken. Beauty erleben.","publisher":{"@id":"https:\/\/www.treatwell.ch/treatment-files\/#organization"},"potentialAction":[{"@type":"SearchAction","target":{"@type":"EntryPoint","urlTemplate":"https:\/\/www.treatwell.ch/treatment-files\/?s={search_term_string}"},"query-input":{"@type":"PropertyValueSpecification","valueRequired":true,"valueName":"search_term_string"}}],"inLanguage":"de-CH"},{"@type":"Organization","@id":"https:\/\/www.treatwell.ch/treatment-files\/#organization","name":"Treatwell","url":"https:\/\/www.treatwell.ch/treatment-files\/","logo":{"@type":"ImageObject","inLanguage":"de-CH","@id":"https:\/\/www.treatwell.ch/treatment-files\/#\/schema\/logo\/image\/","url":"https:\/\/www.treatwell.ch/treatment-files\/wp-content\/uploads\/sites\/11\/2022\/03\/logo_treatwell.png","contentUrl":"https:\/\/www.treatwell.ch/treatment-files\/wp-content\/uploads\/sites\/11\/2022\/03\/logo_treatwell.png","width":889,"height":164,"caption":"Treatwell"},"image":{"@id":"https:\/\/www.treatwell.ch/treatment-files\/#\/schema\/logo\/image\/"}},{"@type":"Person","@id":"","url":"https:\/\/www.treatwell.ch/treatment-files\/author\/"}]}},"featured_image_src":"https:\/\/www.treatwell.ch/treatment-files\/wp-content\/uploads\/sites\/11\/2022\/03\/Bildschirmfoto-2018-01-16-um-15.00.37-478x400.png","featured_image_src_square":"https:\/\/www.treatwell.ch/treatment-files\/wp-content\/uploads\/sites\/11\/2022\/03\/Bildschirmfoto-2018-01-16-um-15.00.37.png","author_info":{"display_name":"","author_link":"https:\/\/www.treatwell.ch/treatment-files\/author\/"},"_links":{"self":[{"href":"https:\/\/www.treatwell.ch\/treatment-files\/wp-json\/wp\/v2\/posts\/13405","targetHints":{"allow":["GET"]}}],"collection":[{"href":"https:\/\/www.treatwell.ch\/treatment-files\/wp-json\/wp\/v2\/posts"}],"about":[{"href":"https:\/\/www.treatwell.ch\/treatment-files\/wp-json\/wp\/v2\/types\/post"}],"author":[{"embeddable":true,"href":"https:\/\/www.treatwell.ch\/treatment-files\/wp-json\/wp\/v2\/users\/3290"}],"replies":[{"embeddable":true,"href":"https:\/\/www.treatwell.ch\/treatment-files\/wp-json\/wp\/v2\/comments?post=13405"}],"version-history":[{"count":0,"href":"https:\/\/www.treatwell.ch\/treatment-files\/wp-json\/wp\/v2\/posts\/13405\/revisions"}],"wp:featuredmedia":[{"embeddable":true,"href":"https:\/\/www.treatwell.ch\/treatment-files\/wp-json\/wp\/v2\/media\/13412"}],"wp:attachment":[{"href":"https:\/\/www.treatwell.ch\/treatment-files\/wp-json\/wp\/v2\/media?parent=13405"}],"wp:term":[{"taxonomy":"category","embeddable":true,"href":"https:\/\/www.treatwell.ch\/treatment-files\/wp-json\/wp\/v2\/categories?post=13405"},{"taxonomy":"post_tag","embeddable":true,"href":"https:\/\/www.treatwell.ch\/treatment-files\/wp-json\/wp\/v2\/tags?post=13405"}],"curies":[{"name":"wp","href":"https:\/\/api.w.org\/{rel}","templated":true}]}}