{"id":13524,"date":"2018-09-12T14:37:02","date_gmt":"2018-09-12T12:37:02","guid":{"rendered":"http:\/\/www.treatwell.ch\/treatment-files\/?p=12383"},"modified":"2018-09-12T14:37:02","modified_gmt":"2018-09-12T12:37:02","slug":"die-top-3-salons-extra-lange-oeffnungszeiten","status":"publish","type":"post","link":"https:\/\/www.treatwell.ch/treatment-files\/die-top-3-salons-extra-lange-oeffnungszeiten\/","title":{"rendered":"Die Top 3 Salons: Extra lange \u00d6ffnungszeiten"},"content":{"rendered":"<p>Eigentlich kennt jeder\u00a0das Problem. Wenn man zwischen 9-18 Uhr im B\u00fcro arbeitet, bleiben nur noch die kurzen Zeitfenster nach der Arbeit um Erledigungen zu t\u00e4tigen oder das bisschen Freizeit zu genie\u00dfen. So ist man froh wenn man es schafft den K\u00fchlschrank aufzuf\u00fcllen, zum Sport zu gehen, sich mit Freunden zu treffen und zwischendurch auch einen Abend f\u00fcr sich zu haben um faul und gem\u00fctlich auf dem Sofa zu liegen. Auch wenn wir sind absolute Fans davon sind unsere\u00a0<a href=\"https:\/\/www.treatwell.de\/treatment-files\/lunch-time-treats-fuer-die-mittagspause\/\">Beauty-Treats in die Mittagspause zu legen<\/a>, so gibt es doch das eine oder andere\u00a0<a href=\"https:\/\/www.treatwell.de\/treatment-files\/diese-5-feierabend-treats-muss-man-probiert-haben\/\">Treatment das besser in den Feierabend passt<\/a>. Wir haben uns deshalb auf die Suche gemacht nach Salons die extra lange \u00d6ffnungszeiten haben. Wir waren selbst \u00fcberrascht wie viele Salons ihren eigenen Feierabend nach hinten verlegen um euch ohne Probleme und ganz entspannt nach einem langen Arbeitstag zu verw\u00f6hnen. \u00dcberzeugt euch selbst\u2026<\/p>\n<p>Sarah Berger<\/p>\n","protected":false},"excerpt":{"rendered":"<p>Eigentlich kennt jeder\u00a0das Problem. Wenn man zwischen 9-18 Uhr im B\u00fcro arbeitet, bleiben nur noch die kurzen Zeitfenster nach der Arbeit um Erledigungen zu t\u00e4tigen oder das bisschen Freizeit zu genie\u00dfen. So ist man froh wenn man es schafft den K\u00fchlschrank aufzuf\u00fcllen, zum Sport zu gehen, sich mit Freunden zu treffen und zwischendurch auch einen [&hellip;]<\/p>\n","protected":false},"author":3319,"featured_media":13529,"comment_status":"closed","ping_status":"closed","sticky":false,"template":"","format":"standard","meta":{"_acf_changed":false,"_yoast_wpseo_title":"","_yoast_wpseo_metadesc":"","_genesis_hide_title":false,"_genesis_hide_breadcrumbs":false,"_genesis_hide_singular_image":false,"_genesis_hide_footer_widgets":false,"_genesis_custom_body_class":"","_genesis_custom_post_class":"","_genesis_layout":"","saswp_custom_schema_field":"","footnotes":""},"categories":[9],"tags":[],"class_list":{"0":"post-13524","1":"post","2":"type-post","3":"status-publish","4":"format-standard","5":"has-post-thumbnail","7":"category-beauty","8":"entry"},"acf":{"post_credits":"","beauty_blog_post_button_title":"","beauty_blog_post_button":"","landscape_picture":13528,"blocks":[{"block_title":"Montra Lanna Thai Massage &amp; Spa","block_content":"<p>&quot;F&uuml;r uns einfach Weltklasse! Die Massagen sind einfach der Hammer - die Ladies haben es top im Griff&nbsp;Verspannungen zu finden und zu l&ouml;sen! Und sie arbeiten sogar Sonntags f&uuml;r unser Wohlbefinden! Aber hallo das wird mit maximaler Punktzahl bewertet! Danke&quot; &ndash; Diana<\/p>\n\n<p>Im Montra Lanna Thai Massage&amp;Spa&nbsp;in Z&uuml;rich-Oerlikon erwartet dich eine kleine&nbsp;Reise ins Herz von Thailand. Die heilsame Ber&uuml;hrungen mit passiven, dem Yoga entnommenen Streck -und Dehnbewegungen, Gelenkmobilisation und Druckpunktmassagen lassen Verspannungen und Schmerzpunkte schnell verschwinden. Das erfahrende Team ist Montag-Freitag von 10-21 Uhr im Salon&nbsp;und sogar Sonntags von 10-19 Uhr vor Ort &ndash; ideal f&uuml;r eine Entspannungssession zum Feierabend oder zum Ausspannen am Wochenende.&nbsp;<\/p>\n","video_content":"","block_picture":13525},{"block_title":"Luxe Beauty Kosmetik","block_content":"<p>&quot;Ich hatte mittlerweile schon 3 Behandlungen bei Luxe Beauty und meine Haut ist so gut wie seit langem nicht mehr!&quot; &ndash; Kristin<\/p>\n\n<p>Das Luxe Beauty Kosmetik in der Dufourstrasse 134-A Seefeld&nbsp;ist spezialisiert auf sanfte Haarentfernung, Permanent Make-up und verschiedenste hochwertige Gesichtsbehandlungen. Dienstag bis Freitag hat der Salon von 9-21 Uhr ge&ouml;ffnet.&nbsp;<\/p>\n","video_content":"","block_picture":13526},{"block_title":"Coiffure VARIBELLE Z\u00fcrich - Hauptbahnhof","block_content":"<p>&quot;Ganz tolle individuelle, pers&ouml;nliche und kompetente Beratung! Super Haarschnitt - bin sehr zufrieden und happy mit dem Resultat!&quot; &ndash; Stefan<\/p>\n\n<p>Beim Coiffure VARIBELLE in in der Bahnhofpassage 23&nbsp;bekommen Z&uuml;rcher aktuelle Trendfrisuren. Die moderne Architektur und Ausstattung des exklusiven Salons spiegeln die vielen individuell stylishen Frisuren wider, die hier von Vollprofis kreiert werden. Unter der Woche wird von 9-21 Uhr geschnippelt und gef&auml;rbt, und sogar Sonntags k&ouml;nnt ihr euch hier zwischen 9-20 Uhr stylen lassen. Ein Sonntag nach unserem Geschmack!<\/p>\n","video_content":"","block_picture":13527}]},"yoast_head":"<!-- This site is optimized with the Yoast SEO plugin v27.4 - https:\/\/yoast.com\/product\/yoast-seo-wordpress\/ -->\n<title>Die Top 3 Salons: Extra lange \u00d6ffnungszeiten | Treatwell<\/title>\n<meta name=\"robots\" content=\"index, follow, max-snippet:-1, max-image-preview:large, max-video-preview:-1\" \/>\n<link rel=\"canonical\" href=\"https:\/\/www.treatwell.ch/treatment-files\/die-top-3-salons-extra-lange-oeffnungszeiten\/\" \/>\n<meta property=\"og:locale\" content=\"de_DE\" \/>\n<meta property=\"og:type\" content=\"article\" \/>\n<meta property=\"og:title\" content=\"Die Top 3 Salons: Extra lange \u00d6ffnungszeiten | Treatwell\" \/>\n<meta property=\"og:description\" content=\"Eigentlich kennt jeder\u00a0das Problem. Wenn man zwischen 9-18 Uhr im B\u00fcro arbeitet, bleiben nur noch die kurzen Zeitfenster nach der Arbeit um Erledigungen zu t\u00e4tigen oder das bisschen Freizeit zu genie\u00dfen. So ist man froh wenn man es schafft den K\u00fchlschrank aufzuf\u00fcllen, zum Sport zu gehen, sich mit Freunden zu treffen und zwischendurch auch einen [&hellip;]\" \/>\n<meta property=\"og:url\" content=\"https:\/\/www.treatwell.ch/treatment-files\/die-top-3-salons-extra-lange-oeffnungszeiten\/\" \/>\n<meta property=\"og:site_name\" content=\"The Treatment Files\" \/>\n<meta property=\"article:published_time\" content=\"2018-09-12T12:37:02+00:00\" \/>\n<meta property=\"og:image\" content=\"https:\/\/www.treatwell.ch/treatment-files\/wp-content\/uploads\/sites\/11\/2022\/03\/hero_langeo\u0308ffnungzeiten_CH-1.jpg\" \/>\n\t<meta property=\"og:image:width\" content=\"1200\" \/>\n\t<meta property=\"og:image:height\" content=\"628\" \/>\n\t<meta property=\"og:image:type\" content=\"image\/jpeg\" \/>\n<meta name=\"twitter:card\" content=\"summary_large_image\" \/>\n<meta name=\"twitter:label1\" content=\"Geschrieben von\" \/>\n\t<meta name=\"twitter:data1\" content=\"\" \/>\n\t<meta name=\"twitter:label2\" content=\"Gesch\u00e4tzte Lesezeit\" \/>\n\t<meta name=\"twitter:data2\" content=\"1 Minute\" \/>\n<script type=\"application\/ld+json\" class=\"yoast-schema-graph\">{\"@context\":\"https:\\\/\\\/schema.org\",\"@graph\":[{\"@type\":\"Article\",\"@id\":\"https:\\\/\\\/www.treatwell.ch/treatment-files\\\/die-top-3-salons-extra-lange-oeffnungszeiten\\\/#article\",\"isPartOf\":{\"@id\":\"https:\\\/\\\/www.treatwell.ch/treatment-files\\\/die-top-3-salons-extra-lange-oeffnungszeiten\\\/\"},\"author\":{\"name\":\"\",\"@id\":\"\"},\"headline\":\"Die Top 3 Salons: Extra lange \u00d6ffnungszeiten\",\"datePublished\":\"2018-09-12T12:37:02+00:00\",\"mainEntityOfPage\":{\"@id\":\"https:\\\/\\\/www.treatwell.ch/treatment-files\\\/die-top-3-salons-extra-lange-oeffnungszeiten\\\/\"},\"wordCount\":160,\"publisher\":{\"@id\":\"https:\\\/\\\/www.treatwell.ch/treatment-files\\\/#organization\"},\"image\":{\"@id\":\"https:\\\/\\\/www.treatwell.ch/treatment-files\\\/die-top-3-salons-extra-lange-oeffnungszeiten\\\/#primaryimage\"},\"thumbnailUrl\":\"https:\\\/\\\/www.treatwell.ch/treatment-files\\\/wp-content\\\/uploads\\\/sites\\\/11\\\/2022\\\/03\\\/Coiffure-VARIBELLE-Zu\u0308rich-Hauptbahnhof-.jpg\",\"articleSection\":[\"Beauty\"],\"inLanguage\":\"de-CH\"},{\"@type\":\"WebPage\",\"@id\":\"https:\\\/\\\/www.treatwell.ch/treatment-files\\\/die-top-3-salons-extra-lange-oeffnungszeiten\\\/\",\"url\":\"https:\\\/\\\/www.treatwell.ch/treatment-files\\\/die-top-3-salons-extra-lange-oeffnungszeiten\\\/\",\"name\":\"Die Top 3 Salons: Extra lange \u00d6ffnungszeiten | Treatwell\",\"isPartOf\":{\"@id\":\"https:\\\/\\\/www.treatwell.ch/treatment-files\\\/#website\"},\"primaryImageOfPage\":{\"@id\":\"https:\\\/\\\/www.treatwell.ch/treatment-files\\\/die-top-3-salons-extra-lange-oeffnungszeiten\\\/#primaryimage\"},\"image\":{\"@id\":\"https:\\\/\\\/www.treatwell.ch/treatment-files\\\/die-top-3-salons-extra-lange-oeffnungszeiten\\\/#primaryimage\"},\"thumbnailUrl\":\"https:\\\/\\\/www.treatwell.ch/treatment-files\\\/wp-content\\\/uploads\\\/sites\\\/11\\\/2022\\\/03\\\/Coiffure-VARIBELLE-Zu\u0308rich-Hauptbahnhof-.jpg\",\"datePublished\":\"2018-09-12T12:37:02+00:00\",\"breadcrumb\":{\"@id\":\"https:\\\/\\\/www.treatwell.ch/treatment-files\\\/die-top-3-salons-extra-lange-oeffnungszeiten\\\/#breadcrumb\"},\"inLanguage\":\"de-CH\",\"potentialAction\":[{\"@type\":\"ReadAction\",\"target\":[\"https:\\\/\\\/www.treatwell.ch/treatment-files\\\/die-top-3-salons-extra-lange-oeffnungszeiten\\\/\"]}]},{\"@type\":\"ImageObject\",\"inLanguage\":\"de-CH\",\"@id\":\"https:\\\/\\\/www.treatwell.ch/treatment-files\\\/die-top-3-salons-extra-lange-oeffnungszeiten\\\/#primaryimage\",\"url\":\"https:\\\/\\\/www.treatwell.ch/treatment-files\\\/wp-content\\\/uploads\\\/sites\\\/11\\\/2022\\\/03\\\/Coiffure-VARIBELLE-Zu\u0308rich-Hauptbahnhof-.jpg\",\"contentUrl\":\"https:\\\/\\\/www.treatwell.ch/treatment-files\\\/wp-content\\\/uploads\\\/sites\\\/11\\\/2022\\\/03\\\/Coiffure-VARIBELLE-Zu\u0308rich-Hauptbahnhof-.jpg\",\"width\":942,\"height\":628},{\"@type\":\"BreadcrumbList\",\"@id\":\"https:\\\/\\\/www.treatwell.ch/treatment-files\\\/die-top-3-salons-extra-lange-oeffnungszeiten\\\/#breadcrumb\",\"itemListElement\":[{\"@type\":\"ListItem\",\"position\":1,\"name\":\"Home\",\"item\":\"https:\\\/\\\/www.treatwell.ch/treatment-files\\\/\"},{\"@type\":\"ListItem\",\"position\":2,\"name\":\"Beauty\",\"item\":\"https:\\\/\\\/www.treatwell.ch/treatment-files\\\/beauty\\\/\"},{\"@type\":\"ListItem\",\"position\":3,\"name\":\"Die Top 3 Salons: Extra lange \u00d6ffnungszeiten\"}]},{\"@type\":\"WebSite\",\"@id\":\"https:\\\/\\\/www.treatwell.ch/treatment-files\\\/#website\",\"url\":\"https:\\\/\\\/www.treatwell.ch/treatment-files\\\/\",\"name\":\"The Treatment Files\",\"description\":\"Beauty entdecken. Beauty erleben.\",\"publisher\":{\"@id\":\"https:\\\/\\\/www.treatwell.ch/treatment-files\\\/#organization\"},\"potentialAction\":[{\"@type\":\"SearchAction\",\"target\":{\"@type\":\"EntryPoint\",\"urlTemplate\":\"https:\\\/\\\/www.treatwell.ch/treatment-files\\\/?s={search_term_string}\"},\"query-input\":{\"@type\":\"PropertyValueSpecification\",\"valueRequired\":true,\"valueName\":\"search_term_string\"}}],\"inLanguage\":\"de-CH\"},{\"@type\":\"Organization\",\"@id\":\"https:\\\/\\\/www.treatwell.ch/treatment-files\\\/#organization\",\"name\":\"Treatwell\",\"url\":\"https:\\\/\\\/www.treatwell.ch/treatment-files\\\/\",\"logo\":{\"@type\":\"ImageObject\",\"inLanguage\":\"de-CH\",\"@id\":\"https:\\\/\\\/www.treatwell.ch/treatment-files\\\/#\\\/schema\\\/logo\\\/image\\\/\",\"url\":\"https:\\\/\\\/www.treatwell.ch/treatment-files\\\/wp-content\\\/uploads\\\/sites\\\/11\\\/2022\\\/03\\\/logo_treatwell.png\",\"contentUrl\":\"https:\\\/\\\/www.treatwell.ch/treatment-files\\\/wp-content\\\/uploads\\\/sites\\\/11\\\/2022\\\/03\\\/logo_treatwell.png\",\"width\":889,\"height\":164,\"caption\":\"Treatwell\"},\"image\":{\"@id\":\"https:\\\/\\\/www.treatwell.ch/treatment-files\\\/#\\\/schema\\\/logo\\\/image\\\/\"}},{\"@type\":\"Person\",\"@id\":\"\",\"url\":\"https:\\\/\\\/www.treatwell.ch/treatment-files\\\/author\\\/\"}]}<\/script>\n<!-- \/ Yoast SEO plugin. -->","yoast_head_json":{"title":"Die Top 3 Salons: Extra lange \u00d6ffnungszeiten | Treatwell","robots":{"index":"index","follow":"follow","max-snippet":"max-snippet:-1","max-image-preview":"max-image-preview:large","max-video-preview":"max-video-preview:-1"},"canonical":"https:\/\/www.treatwell.ch/treatment-files\/die-top-3-salons-extra-lange-oeffnungszeiten\/","og_locale":"de_DE","og_type":"article","og_title":"Die Top 3 Salons: Extra lange \u00d6ffnungszeiten | Treatwell","og_description":"Eigentlich kennt jeder\u00a0das Problem. Wenn man zwischen 9-18 Uhr im B\u00fcro arbeitet, bleiben nur noch die kurzen Zeitfenster nach der Arbeit um Erledigungen zu t\u00e4tigen oder das bisschen Freizeit zu genie\u00dfen. So ist man froh wenn man es schafft den K\u00fchlschrank aufzuf\u00fcllen, zum Sport zu gehen, sich mit Freunden zu treffen und zwischendurch auch einen [&hellip;]","og_url":"https:\/\/www.treatwell.ch/treatment-files\/die-top-3-salons-extra-lange-oeffnungszeiten\/","og_site_name":"The Treatment Files","article_published_time":"2018-09-12T12:37:02+00:00","og_image":[{"width":1200,"height":628,"url":"https:\/\/www.treatwell.ch/treatment-files\/wp-content\/uploads\/sites\/11\/2022\/03\/hero_langeo\u0308ffnungzeiten_CH-1.jpg","type":"image\/jpeg"}],"twitter_card":"summary_large_image","twitter_misc":{"Geschrieben von":"","Gesch\u00e4tzte Lesezeit":"1 Minute"},"schema":{"@context":"https:\/\/schema.org","@graph":[{"@type":"Article","@id":"https:\/\/www.treatwell.ch/treatment-files\/die-top-3-salons-extra-lange-oeffnungszeiten\/#article","isPartOf":{"@id":"https:\/\/www.treatwell.ch/treatment-files\/die-top-3-salons-extra-lange-oeffnungszeiten\/"},"author":{"name":"","@id":""},"headline":"Die Top 3 Salons: Extra lange \u00d6ffnungszeiten","datePublished":"2018-09-12T12:37:02+00:00","mainEntityOfPage":{"@id":"https:\/\/www.treatwell.ch/treatment-files\/die-top-3-salons-extra-lange-oeffnungszeiten\/"},"wordCount":160,"publisher":{"@id":"https:\/\/www.treatwell.ch/treatment-files\/#organization"},"image":{"@id":"https:\/\/www.treatwell.ch/treatment-files\/die-top-3-salons-extra-lange-oeffnungszeiten\/#primaryimage"},"thumbnailUrl":"https:\/\/www.treatwell.ch/treatment-files\/wp-content\/uploads\/sites\/11\/2022\/03\/Coiffure-VARIBELLE-Zu\u0308rich-Hauptbahnhof-.jpg","articleSection":["Beauty"],"inLanguage":"de-CH"},{"@type":"WebPage","@id":"https:\/\/www.treatwell.ch/treatment-files\/die-top-3-salons-extra-lange-oeffnungszeiten\/","url":"https:\/\/www.treatwell.ch/treatment-files\/die-top-3-salons-extra-lange-oeffnungszeiten\/","name":"Die Top 3 Salons: Extra lange \u00d6ffnungszeiten | Treatwell","isPartOf":{"@id":"https:\/\/www.treatwell.ch/treatment-files\/#website"},"primaryImageOfPage":{"@id":"https:\/\/www.treatwell.ch/treatment-files\/die-top-3-salons-extra-lange-oeffnungszeiten\/#primaryimage"},"image":{"@id":"https:\/\/www.treatwell.ch/treatment-files\/die-top-3-salons-extra-lange-oeffnungszeiten\/#primaryimage"},"thumbnailUrl":"https:\/\/www.treatwell.ch/treatment-files\/wp-content\/uploads\/sites\/11\/2022\/03\/Coiffure-VARIBELLE-Zu\u0308rich-Hauptbahnhof-.jpg","datePublished":"2018-09-12T12:37:02+00:00","breadcrumb":{"@id":"https:\/\/www.treatwell.ch/treatment-files\/die-top-3-salons-extra-lange-oeffnungszeiten\/#breadcrumb"},"inLanguage":"de-CH","potentialAction":[{"@type":"ReadAction","target":["https:\/\/www.treatwell.ch/treatment-files\/die-top-3-salons-extra-lange-oeffnungszeiten\/"]}]},{"@type":"ImageObject","inLanguage":"de-CH","@id":"https:\/\/www.treatwell.ch/treatment-files\/die-top-3-salons-extra-lange-oeffnungszeiten\/#primaryimage","url":"https:\/\/www.treatwell.ch/treatment-files\/wp-content\/uploads\/sites\/11\/2022\/03\/Coiffure-VARIBELLE-Zu\u0308rich-Hauptbahnhof-.jpg","contentUrl":"https:\/\/www.treatwell.ch/treatment-files\/wp-content\/uploads\/sites\/11\/2022\/03\/Coiffure-VARIBELLE-Zu\u0308rich-Hauptbahnhof-.jpg","width":942,"height":628},{"@type":"BreadcrumbList","@id":"https:\/\/www.treatwell.ch/treatment-files\/die-top-3-salons-extra-lange-oeffnungszeiten\/#breadcrumb","itemListElement":[{"@type":"ListItem","position":1,"name":"Home","item":"https:\/\/www.treatwell.ch/treatment-files\/"},{"@type":"ListItem","position":2,"name":"Beauty","item":"https:\/\/www.treatwell.ch/treatment-files\/beauty\/"},{"@type":"ListItem","position":3,"name":"Die Top 3 Salons: Extra lange \u00d6ffnungszeiten"}]},{"@type":"WebSite","@id":"https:\/\/www.treatwell.ch/treatment-files\/#website","url":"https:\/\/www.treatwell.ch/treatment-files\/","name":"The Treatment Files","description":"Beauty entdecken. Beauty erleben.","publisher":{"@id":"https:\/\/www.treatwell.ch/treatment-files\/#organization"},"potentialAction":[{"@type":"SearchAction","target":{"@type":"EntryPoint","urlTemplate":"https:\/\/www.treatwell.ch/treatment-files\/?s={search_term_string}"},"query-input":{"@type":"PropertyValueSpecification","valueRequired":true,"valueName":"search_term_string"}}],"inLanguage":"de-CH"},{"@type":"Organization","@id":"https:\/\/www.treatwell.ch/treatment-files\/#organization","name":"Treatwell","url":"https:\/\/www.treatwell.ch/treatment-files\/","logo":{"@type":"ImageObject","inLanguage":"de-CH","@id":"https:\/\/www.treatwell.ch/treatment-files\/#\/schema\/logo\/image\/","url":"https:\/\/www.treatwell.ch/treatment-files\/wp-content\/uploads\/sites\/11\/2022\/03\/logo_treatwell.png","contentUrl":"https:\/\/www.treatwell.ch/treatment-files\/wp-content\/uploads\/sites\/11\/2022\/03\/logo_treatwell.png","width":889,"height":164,"caption":"Treatwell"},"image":{"@id":"https:\/\/www.treatwell.ch/treatment-files\/#\/schema\/logo\/image\/"}},{"@type":"Person","@id":"","url":"https:\/\/www.treatwell.ch/treatment-files\/author\/"}]}},"featured_image_src":"https:\/\/www.treatwell.ch/treatment-files\/wp-content\/uploads\/sites\/11\/2022\/03\/Coiffure-VARIBELLE-Zu\u0308rich-Hauptbahnhof--600x400.jpg","featured_image_src_square":"https:\/\/www.treatwell.ch/treatment-files\/wp-content\/uploads\/sites\/11\/2022\/03\/Coiffure-VARIBELLE-Zu\u0308rich-Hauptbahnhof--600x600.jpg","author_info":{"display_name":"","author_link":"https:\/\/www.treatwell.ch/treatment-files\/author\/"},"_links":{"self":[{"href":"https:\/\/www.treatwell.ch\/treatment-files\/wp-json\/wp\/v2\/posts\/13524","targetHints":{"allow":["GET"]}}],"collection":[{"href":"https:\/\/www.treatwell.ch\/treatment-files\/wp-json\/wp\/v2\/posts"}],"about":[{"href":"https:\/\/www.treatwell.ch\/treatment-files\/wp-json\/wp\/v2\/types\/post"}],"author":[{"embeddable":true,"href":"https:\/\/www.treatwell.ch\/treatment-files\/wp-json\/wp\/v2\/users\/3319"}],"replies":[{"embeddable":true,"href":"https:\/\/www.treatwell.ch\/treatment-files\/wp-json\/wp\/v2\/comments?post=13524"}],"version-history":[{"count":0,"href":"https:\/\/www.treatwell.ch\/treatment-files\/wp-json\/wp\/v2\/posts\/13524\/revisions"}],"wp:featuredmedia":[{"embeddable":true,"href":"https:\/\/www.treatwell.ch\/treatment-files\/wp-json\/wp\/v2\/media\/13529"}],"wp:attachment":[{"href":"https:\/\/www.treatwell.ch\/treatment-files\/wp-json\/wp\/v2\/media?parent=13524"}],"wp:term":[{"taxonomy":"category","embeddable":true,"href":"https:\/\/www.treatwell.ch\/treatment-files\/wp-json\/wp\/v2\/categories?post=13524"},{"taxonomy":"post_tag","embeddable":true,"href":"https:\/\/www.treatwell.ch\/treatment-files\/wp-json\/wp\/v2\/tags?post=13524"}],"curies":[{"name":"wp","href":"https:\/\/api.w.org\/{rel}","templated":true}]}}