{"id":15080,"date":"2020-04-27T12:49:14","date_gmt":"2020-04-27T10:49:14","guid":{"rendered":"http:\/\/www.treatwell.ch\/treatment-files\/?p=14125"},"modified":"2020-04-27T12:49:14","modified_gmt":"2020-04-27T10:49:14","slug":"schnitttechnik-was-passt-zu-welchem-haartyp","status":"publish","type":"post","link":"https:\/\/www.treatwell.ch/treatment-files\/schnitttechnik-was-passt-zu-welchem-haartyp\/","title":{"rendered":"Schnitttechnik &#8211; Was passt zu welchem Haartyp?"},"content":{"rendered":"<p style=\"text-align: justify\"><span style=\"font-weight: 400\">Ohhh yes, unsere Coiffeure \u00f6ffnen bald wieder! Wir sind uns sicher, dass auch du die letzten Wochen wie auf heissen Kohlen sasst. Nach der Zeit in Quarant\u00e4ne, hast vielleicht auch du Bock auf was Neues? Der perfekte Haarschnitt passend zum Haartyp macht n\u00e4mlich so einiges aus! Mit der richtigen Schnitttechnik f\u00e4llt das Haar einfach nat\u00fcrlicher und es ist kaum ein Styling erforderlich. Aber was genau ist mit Schnitttechnik \u00fcberhaupt gemeint? Wir haben uns den Fachbegriff von <\/span><a href=\"https:\/\/www.treatwell.de\/ort\/b-concept-by-milad\/\"><span style=\"font-weight: 400\">Coiffeurexperte Milad von <\/span>B Concept &#8211; By Milad<\/a>\u00a0<span style=\"font-weight: 400\">im Interview genauer erkl\u00e4ren lassen und m\u00f6chten dir das neugewonnene Wissen nat\u00fcrlich nicht vorenthalten! Das sind die beliebtesten Formen nach Haartyp:\u00a0<\/span><\/p>\n","protected":false},"excerpt":{"rendered":"<p>Ohhh yes, unsere Coiffeure \u00f6ffnen bald wieder! Wir sind uns sicher, dass auch du die letzten Wochen wie auf heissen Kohlen sasst. Nach der Zeit in Quarant\u00e4ne, hast vielleicht auch du Bock auf was Neues? Der perfekte Haarschnitt passend zum Haartyp macht n\u00e4mlich so einiges aus! Mit der richtigen Schnitttechnik f\u00e4llt das Haar einfach nat\u00fcrlicher [&hellip;]<\/p>\n","protected":false},"author":3318,"featured_media":15087,"comment_status":"closed","ping_status":"closed","sticky":false,"template":"","format":"standard","meta":{"_acf_changed":false,"_yoast_wpseo_title":"","_yoast_wpseo_metadesc":"Aber was genau ist mit Schnitttechnik \u00fcberhaupt gemeint? Wir haben uns den Fachbegriff von Coiffeurexperte Milad im Interview genauer erkl\u00e4ren lassen.","_genesis_hide_title":false,"_genesis_hide_breadcrumbs":false,"_genesis_hide_singular_image":false,"_genesis_hide_footer_widgets":false,"_genesis_custom_body_class":"","_genesis_custom_post_class":"","_genesis_layout":"","saswp_custom_schema_field":"","footnotes":""},"categories":[9],"tags":[3,5],"class_list":{"0":"post-15080","1":"post","2":"type-post","3":"status-publish","4":"format-standard","5":"has-post-thumbnail","7":"category-beauty","8":"tag-tt6","9":"tag-tr166","10":"entry"},"acf":{"post_credits":"Bildrechte: B Concept - By Milad, @yoiscissorsandsharpening, @hoshiyuta","beauty_blog_post_button_title":"","beauty_blog_post_button":"","landscape_picture":15086,"blocks":[{"block_title":"Kompromisslos und stylish","block_content":"<p>Sich f&uuml;r einen Haarschnitt zu entscheiden, dauert meist nicht lange. Mit Hilfe von Pinterest, Instagram und Co, l&auml;sst sich ein Style in superfix finden und dann heisst&#039;s: Foto auf dem Smartphone speichern und ab zum Coiffeur. So ganz &uuml;berzeugt ist Coiffeurexperte Milad Gebrael davon allerdings nicht. &bdquo;Kunden wollen oft &auml;hnliche Looks wie Promis nachkreieren, wissen aber nicht, ob es zu ihrem Typ passt. Heutzutage wollen Kunden eine Frisur, die kompromisslos ist, wenig Zeit in Anspruch nimmt und dem Non-Stop-Lifestyle gerecht wird&rdquo;, sagt Milad. Die meisten Promifrisuren erfordern einen hohen Stylingaufwand, die auch oft das Handwerk eines Stylisten erfordern. Wenn&rsquo;s dann zu Hause mit dem Styling nicht wie gewollt klappt, dann ist die Entt&auml;uschung gross. Deshalb ist es an der Zeit, sich von dem Gedanken des Nachkreierens ein wenig zu l&ouml;sen, wie Milad erkl&auml;rt: &bdquo;Eine m&uuml;helose Haarroutine, die im Alltag mithalten kann, ist hier von grossem Vorteil.&rdquo;<\/p>\n","video_content":"","block_picture":15081},{"block_title":"Beliebte Schnitttechniken","block_content":"<p>Im Salon B Concept - By Milad&nbsp;arbeitet das Coiffeurteam mit verschiedenen und vor allem vielseitigen Techniken, die perfekt auf jeden Kunden abgestimmt werden. Das kann alles von unregelm&auml;ssigen Cuts, &uuml;ber Stufen- bis hinzu Schr&auml;gschnitten und geraden Kanten sein. Was Letzteres betrifft, haben vor allem scharfe und kantige Schnitte stark an Popularit&auml;t gewonnen. <a href=\"https:\/\/www.treatwell.ch\/treatment-files\/trend-alert-haarschnitte-fuer-2020\/\">Dazu geh&ouml;ren vor allem Bobs auf Schulter- und Kinnl&auml;nge.<\/a><\/p>\n","video_content":"","block_picture":15082},{"block_title":"Stufenschnitt f\u00fcr f\u00fclliges Haar","block_content":"<p><em>Ideal: Wenn du die F&uuml;lle im Haar reduzieren m&ouml;chtest, und etwas mehr Textur und Leichtigkeit brauchst\u200b<\/em><\/p>\n\n<p>Ein Stufenschnitt l&auml;sst sich einfach definieren: Geeignet f&uuml;r alle Haartypen, sorgt er f&uuml;r mehr Volumen und einen superchicen Style, unabh&auml;ngig davon, wie fein oder dicht das Haar auch sein mag. Bei einem Stufenschnitt d&uuml;nnt der Coiffeur das Haar aus. Dadurch f&auml;llt die M&auml;hne im Anschluss in den L&auml;ngen sanfter und besser. Frauen mit volumin&ouml;sen Haaren k&ouml;nnen daher von einem Stufenhaarschnitt profitieren. Dieser sieht besonders gut bei mittellangem bis langem Haar aus. Immer noch total trendy sind Waterfall Layers, auch bekannt als Beach Waves, wie Milad verr&auml;t: &bdquo;Dieser Schnitt bringt besonders viel Textur und Movement ins Haar und l&auml;sst es leicht und unbeschwert aussehen.&rdquo; Pro-Tipp: Mit einem Lockenstab gestylt, l&auml;sst sich mit diesem Haarschnitt sehr schnell ein glamour&ouml;ser Look zaubern.<\/p>\n","video_content":"","block_picture":15083},{"block_title":"Stufenschnitt f\u00fcr feines Haar","block_content":"<p><em>Ideal: Wenn du mehr Volumen m&ouml;chtest und auf der Suche nach einem personalisierten Style bist<\/em><\/p>\n\n<p>Wer feines Haar hat, sollte auf einen Stufenschnitt keineswegs verzichten. Hier kommt es nur darauf an, wie sehr das Haar durchgestuft wird. Der feinere Haartyp sollte daher eher zu sanften Stufen tendieren und zu starkes Ausd&uuml;nnen vermeiden. Oft reichen ein paar Stufen, die dem Gesicht schmeicheln und das Haar wieder gesund erscheinen lassen. Wer keine Angst vor Kurzhaarschnitten hat, sollte sich bei diesem Haartyp den gestuften Bob keineswegs entgehen lassen, wie Milad empfiehlt: &bdquo;Der stufige Bob verleiht dem Haar etwas mehr Form und K&ouml;rper. Dadurch sieht das Haar gleich viel f&uuml;lliger und ges&uuml;nder aus. Hier kann je nach Wunsch beliebig durchgestuft werden. Allerdings sollte die &auml;ussere Schnittkante scharfkantig und stumpf geschnitten werden, um das Volumen im Bob zu erhalten. Bei einer hohen Stirn eignet sich hier ausserdem sehr gut ein Blunt-Cut (gerader) Pony.&rdquo;<\/p>\n","video_content":"","block_picture":15084},{"block_title":"Schr\u00e4ger Schnitt f\u00fcr f\u00fclliges und gelocktes Haar","block_content":"<p><em>Ideal: Wenn du das Volumen im Haar in den L&auml;ngen reduzieren, aber im Ansatz erhalten m&ouml;chtest \u200b<\/em><\/p>\n\n<p>Graduated Cuts kennst du wahrscheinlich eher unter dem abgeschr&auml;gten Bob. Die Eigenschaften dieses Haarschnittes sind oft asymmetrisch und a la Victoria Beckham. Diese Frisur wird oft und gern bei Frauen mit f&uuml;lligem und gelocktem Haar gezaubert. Bei dieser Schnitttechnik wird die F&uuml;lle des Haares innerhalb der Schnittform zum Ansatz hin erzeugt und zu den Spitzen hin ausged&uuml;nnt. Dieser Haarschnitt funktioniert sowohl bei kurzen als auch langen Haaren. Sanftere &Uuml;berg&auml;nge k&ouml;nnen allerdings einfacher bei langem Haar gezaubert werden: &bdquo;Graduated Cuts reduzieren nicht nur die L&auml;nge, sie verleihen dem Haar auch etwas mehr Dynamik und Schwung&ldquo;, sagt Milad.<\/p>\n\n<p>Mit&nbsp;Treatwell&nbsp;kannst du <a href=\"http:\/\/www.treatwell.ch\">Coiffeur&nbsp;und Beauty&nbsp;online buchen<\/a>&nbsp;&ndash; simpel, m&uuml;helos, von unterwegs.&nbsp;Hier gehts&nbsp;<a href=\"https:\/\/www.treatwell.ch\/orte\/behandlung-damenhaarschnitt\/angebot-typ-lokal\/in-ch\/\">zu den besten Salons in deiner Umgebung<\/a>.&nbsp;<\/p>\n","video_content":"","block_picture":15085}]},"yoast_head":"<!-- This site is optimized with the Yoast SEO plugin v27.4 - https:\/\/yoast.com\/product\/yoast-seo-wordpress\/ -->\n<title>Schnitttechnik - Was passt zu welchem Haartyp? | Treatwell<\/title>\n<meta name=\"description\" content=\"Aber was genau ist mit Schnitttechnik \u00fcberhaupt gemeint? Wir haben uns den Fachbegriff von Coiffeurexperte Milad im Interview genauer erkl\u00e4ren lassen.\" \/>\n<meta name=\"robots\" content=\"index, follow, max-snippet:-1, max-image-preview:large, max-video-preview:-1\" \/>\n<link rel=\"canonical\" href=\"https:\/\/www.treatwell.ch/treatment-files\/schnitttechnik-was-passt-zu-welchem-haartyp\/\" \/>\n<meta property=\"og:locale\" content=\"de_DE\" \/>\n<meta property=\"og:type\" content=\"article\" \/>\n<meta property=\"og:title\" content=\"Schnitttechnik - Was passt zu welchem Haartyp? | Treatwell\" \/>\n<meta property=\"og:description\" content=\"Aber was genau ist mit Schnitttechnik \u00fcberhaupt gemeint? Wir haben uns den Fachbegriff von Coiffeurexperte Milad im Interview genauer erkl\u00e4ren lassen.\" \/>\n<meta property=\"og:url\" content=\"https:\/\/www.treatwell.ch/treatment-files\/schnitttechnik-was-passt-zu-welchem-haartyp\/\" \/>\n<meta property=\"og:site_name\" content=\"The Treatment Files\" \/>\n<meta property=\"article:published_time\" content=\"2020-04-27T10:49:14+00:00\" \/>\n<meta property=\"og:image\" content=\"https:\/\/www.treatwell.ch/treatment-files\/wp-content\/uploads\/sites\/11\/2022\/03\/Vogue_Concept_HERO.png\" \/>\n\t<meta property=\"og:image:width\" content=\"1200\" \/>\n\t<meta property=\"og:image:height\" content=\"628\" \/>\n\t<meta property=\"og:image:type\" content=\"image\/png\" \/>\n<meta name=\"author\" content=\"Isabella Tombinski-robb\" \/>\n<meta name=\"twitter:card\" content=\"summary_large_image\" \/>\n<meta name=\"twitter:label1\" content=\"Geschrieben von\" \/>\n\t<meta name=\"twitter:data1\" content=\"Isabella Tombinski-robb\" \/>\n\t<meta name=\"twitter:label2\" content=\"Gesch\u00e4tzte Lesezeit\" \/>\n\t<meta name=\"twitter:data2\" content=\"1 Minute\" \/>\n<script type=\"application\/ld+json\" class=\"yoast-schema-graph\">{\"@context\":\"https:\\\/\\\/schema.org\",\"@graph\":[{\"@type\":\"Article\",\"@id\":\"https:\\\/\\\/www.treatwell.ch/treatment-files\\\/schnitttechnik-was-passt-zu-welchem-haartyp\\\/#article\",\"isPartOf\":{\"@id\":\"https:\\\/\\\/www.treatwell.ch/treatment-files\\\/schnitttechnik-was-passt-zu-welchem-haartyp\\\/\"},\"author\":{\"name\":\"Isabella Tombinski-robb\",\"@id\":\"https:\\\/\\\/www.treatwell.ch/treatment-files\\\/#\\\/schema\\\/person\\\/869d3f19bdf4203c8e6e97c64e1c3c8e\"},\"headline\":\"Schnitttechnik &#8211; Was passt zu welchem Haartyp?\",\"datePublished\":\"2020-04-27T10:49:14+00:00\",\"mainEntityOfPage\":{\"@id\":\"https:\\\/\\\/www.treatwell.ch/treatment-files\\\/schnitttechnik-was-passt-zu-welchem-haartyp\\\/\"},\"wordCount\":119,\"publisher\":{\"@id\":\"https:\\\/\\\/www.treatwell.ch/treatment-files\\\/#organization\"},\"image\":{\"@id\":\"https:\\\/\\\/www.treatwell.ch/treatment-files\\\/schnitttechnik-was-passt-zu-welchem-haartyp\\\/#primaryimage\"},\"thumbnailUrl\":\"https:\\\/\\\/www.treatwell.ch/treatment-files\\\/wp-content\\\/uploads\\\/sites\\\/11\\\/2022\\\/03\\\/bconceptbymilad_64432114_189984898665233_1184047579407240034_n.jpg\",\"keywords\":[\"Hair\",\"Haircuts and Hairdressing\"],\"articleSection\":[\"Beauty\"],\"inLanguage\":\"de-CH\"},{\"@type\":\"WebPage\",\"@id\":\"https:\\\/\\\/www.treatwell.ch/treatment-files\\\/schnitttechnik-was-passt-zu-welchem-haartyp\\\/\",\"url\":\"https:\\\/\\\/www.treatwell.ch/treatment-files\\\/schnitttechnik-was-passt-zu-welchem-haartyp\\\/\",\"name\":\"Schnitttechnik - Was passt zu welchem Haartyp? | Treatwell\",\"isPartOf\":{\"@id\":\"https:\\\/\\\/www.treatwell.ch/treatment-files\\\/#website\"},\"primaryImageOfPage\":{\"@id\":\"https:\\\/\\\/www.treatwell.ch/treatment-files\\\/schnitttechnik-was-passt-zu-welchem-haartyp\\\/#primaryimage\"},\"image\":{\"@id\":\"https:\\\/\\\/www.treatwell.ch/treatment-files\\\/schnitttechnik-was-passt-zu-welchem-haartyp\\\/#primaryimage\"},\"thumbnailUrl\":\"https:\\\/\\\/www.treatwell.ch/treatment-files\\\/wp-content\\\/uploads\\\/sites\\\/11\\\/2022\\\/03\\\/bconceptbymilad_64432114_189984898665233_1184047579407240034_n.jpg\",\"datePublished\":\"2020-04-27T10:49:14+00:00\",\"description\":\"Aber was genau ist mit Schnitttechnik \u00fcberhaupt gemeint? Wir haben uns den Fachbegriff von Coiffeurexperte Milad im Interview genauer erkl\u00e4ren lassen.\",\"breadcrumb\":{\"@id\":\"https:\\\/\\\/www.treatwell.ch/treatment-files\\\/schnitttechnik-was-passt-zu-welchem-haartyp\\\/#breadcrumb\"},\"inLanguage\":\"de-CH\",\"potentialAction\":[{\"@type\":\"ReadAction\",\"target\":[\"https:\\\/\\\/www.treatwell.ch/treatment-files\\\/schnitttechnik-was-passt-zu-welchem-haartyp\\\/\"]}]},{\"@type\":\"ImageObject\",\"inLanguage\":\"de-CH\",\"@id\":\"https:\\\/\\\/www.treatwell.ch/treatment-files\\\/schnitttechnik-was-passt-zu-welchem-haartyp\\\/#primaryimage\",\"url\":\"https:\\\/\\\/www.treatwell.ch/treatment-files\\\/wp-content\\\/uploads\\\/sites\\\/11\\\/2022\\\/03\\\/bconceptbymilad_64432114_189984898665233_1184047579407240034_n.jpg\",\"contentUrl\":\"https:\\\/\\\/www.treatwell.ch/treatment-files\\\/wp-content\\\/uploads\\\/sites\\\/11\\\/2022\\\/03\\\/bconceptbymilad_64432114_189984898665233_1184047579407240034_n.jpg\",\"width\":628,\"height\":628},{\"@type\":\"BreadcrumbList\",\"@id\":\"https:\\\/\\\/www.treatwell.ch/treatment-files\\\/schnitttechnik-was-passt-zu-welchem-haartyp\\\/#breadcrumb\",\"itemListElement\":[{\"@type\":\"ListItem\",\"position\":1,\"name\":\"Home\",\"item\":\"https:\\\/\\\/www.treatwell.ch/treatment-files\\\/\"},{\"@type\":\"ListItem\",\"position\":2,\"name\":\"Beauty\",\"item\":\"https:\\\/\\\/www.treatwell.ch/treatment-files\\\/beauty\\\/\"},{\"@type\":\"ListItem\",\"position\":3,\"name\":\"Schnitttechnik &#8211; Was passt zu welchem Haartyp?\"}]},{\"@type\":\"WebSite\",\"@id\":\"https:\\\/\\\/www.treatwell.ch/treatment-files\\\/#website\",\"url\":\"https:\\\/\\\/www.treatwell.ch/treatment-files\\\/\",\"name\":\"The Treatment Files\",\"description\":\"Beauty entdecken. Beauty erleben.\",\"publisher\":{\"@id\":\"https:\\\/\\\/www.treatwell.ch/treatment-files\\\/#organization\"},\"potentialAction\":[{\"@type\":\"SearchAction\",\"target\":{\"@type\":\"EntryPoint\",\"urlTemplate\":\"https:\\\/\\\/www.treatwell.ch/treatment-files\\\/?s={search_term_string}\"},\"query-input\":{\"@type\":\"PropertyValueSpecification\",\"valueRequired\":true,\"valueName\":\"search_term_string\"}}],\"inLanguage\":\"de-CH\"},{\"@type\":\"Organization\",\"@id\":\"https:\\\/\\\/www.treatwell.ch/treatment-files\\\/#organization\",\"name\":\"Treatwell\",\"url\":\"https:\\\/\\\/www.treatwell.ch/treatment-files\\\/\",\"logo\":{\"@type\":\"ImageObject\",\"inLanguage\":\"de-CH\",\"@id\":\"https:\\\/\\\/www.treatwell.ch/treatment-files\\\/#\\\/schema\\\/logo\\\/image\\\/\",\"url\":\"https:\\\/\\\/www.treatwell.ch/treatment-files\\\/wp-content\\\/uploads\\\/sites\\\/11\\\/2022\\\/03\\\/logo_treatwell.png\",\"contentUrl\":\"https:\\\/\\\/www.treatwell.ch/treatment-files\\\/wp-content\\\/uploads\\\/sites\\\/11\\\/2022\\\/03\\\/logo_treatwell.png\",\"width\":889,\"height\":164,\"caption\":\"Treatwell\"},\"image\":{\"@id\":\"https:\\\/\\\/www.treatwell.ch/treatment-files\\\/#\\\/schema\\\/logo\\\/image\\\/\"}},{\"@type\":\"Person\",\"@id\":\"https:\\\/\\\/www.treatwell.ch/treatment-files\\\/#\\\/schema\\\/person\\\/869d3f19bdf4203c8e6e97c64e1c3c8e\",\"name\":\"Isabella Tombinski-robb\",\"image\":{\"@type\":\"ImageObject\",\"inLanguage\":\"de-CH\",\"@id\":\"https:\\\/\\\/secure.gravatar.com\\\/avatar\\\/624ce3bd6151d711f02c8c31549c8390027943dc1293e17bf28c136ce4288a80?s=96&d=mm&r=g\",\"url\":\"https:\\\/\\\/secure.gravatar.com\\\/avatar\\\/624ce3bd6151d711f02c8c31549c8390027943dc1293e17bf28c136ce4288a80?s=96&d=mm&r=g\",\"contentUrl\":\"https:\\\/\\\/secure.gravatar.com\\\/avatar\\\/624ce3bd6151d711f02c8c31549c8390027943dc1293e17bf28c136ce4288a80?s=96&d=mm&r=g\",\"caption\":\"Isabella Tombinski-robb\"},\"url\":\"https:\\\/\\\/www.treatwell.ch/treatment-files\\\/author\\\/isabellatombinskirobb\\\/\"}]}<\/script>\n<!-- \/ Yoast SEO plugin. -->","yoast_head_json":{"title":"Schnitttechnik - Was passt zu welchem Haartyp? | Treatwell","description":"Aber was genau ist mit Schnitttechnik \u00fcberhaupt gemeint? Wir haben uns den Fachbegriff von Coiffeurexperte Milad im Interview genauer erkl\u00e4ren lassen.","robots":{"index":"index","follow":"follow","max-snippet":"max-snippet:-1","max-image-preview":"max-image-preview:large","max-video-preview":"max-video-preview:-1"},"canonical":"https:\/\/www.treatwell.ch/treatment-files\/schnitttechnik-was-passt-zu-welchem-haartyp\/","og_locale":"de_DE","og_type":"article","og_title":"Schnitttechnik - Was passt zu welchem Haartyp? | Treatwell","og_description":"Aber was genau ist mit Schnitttechnik \u00fcberhaupt gemeint? Wir haben uns den Fachbegriff von Coiffeurexperte Milad im Interview genauer erkl\u00e4ren lassen.","og_url":"https:\/\/www.treatwell.ch/treatment-files\/schnitttechnik-was-passt-zu-welchem-haartyp\/","og_site_name":"The Treatment Files","article_published_time":"2020-04-27T10:49:14+00:00","og_image":[{"width":1200,"height":628,"url":"https:\/\/www.treatwell.ch/treatment-files\/wp-content\/uploads\/sites\/11\/2022\/03\/Vogue_Concept_HERO.png","type":"image\/png"}],"author":"Isabella Tombinski-robb","twitter_card":"summary_large_image","twitter_misc":{"Geschrieben von":"Isabella Tombinski-robb","Gesch\u00e4tzte Lesezeit":"1 Minute"},"schema":{"@context":"https:\/\/schema.org","@graph":[{"@type":"Article","@id":"https:\/\/www.treatwell.ch/treatment-files\/schnitttechnik-was-passt-zu-welchem-haartyp\/#article","isPartOf":{"@id":"https:\/\/www.treatwell.ch/treatment-files\/schnitttechnik-was-passt-zu-welchem-haartyp\/"},"author":{"name":"Isabella Tombinski-robb","@id":"https:\/\/www.treatwell.ch/treatment-files\/#\/schema\/person\/869d3f19bdf4203c8e6e97c64e1c3c8e"},"headline":"Schnitttechnik &#8211; Was passt zu welchem Haartyp?","datePublished":"2020-04-27T10:49:14+00:00","mainEntityOfPage":{"@id":"https:\/\/www.treatwell.ch/treatment-files\/schnitttechnik-was-passt-zu-welchem-haartyp\/"},"wordCount":119,"publisher":{"@id":"https:\/\/www.treatwell.ch/treatment-files\/#organization"},"image":{"@id":"https:\/\/www.treatwell.ch/treatment-files\/schnitttechnik-was-passt-zu-welchem-haartyp\/#primaryimage"},"thumbnailUrl":"https:\/\/www.treatwell.ch/treatment-files\/wp-content\/uploads\/sites\/11\/2022\/03\/bconceptbymilad_64432114_189984898665233_1184047579407240034_n.jpg","keywords":["Hair","Haircuts and Hairdressing"],"articleSection":["Beauty"],"inLanguage":"de-CH"},{"@type":"WebPage","@id":"https:\/\/www.treatwell.ch/treatment-files\/schnitttechnik-was-passt-zu-welchem-haartyp\/","url":"https:\/\/www.treatwell.ch/treatment-files\/schnitttechnik-was-passt-zu-welchem-haartyp\/","name":"Schnitttechnik - Was passt zu welchem Haartyp? | Treatwell","isPartOf":{"@id":"https:\/\/www.treatwell.ch/treatment-files\/#website"},"primaryImageOfPage":{"@id":"https:\/\/www.treatwell.ch/treatment-files\/schnitttechnik-was-passt-zu-welchem-haartyp\/#primaryimage"},"image":{"@id":"https:\/\/www.treatwell.ch/treatment-files\/schnitttechnik-was-passt-zu-welchem-haartyp\/#primaryimage"},"thumbnailUrl":"https:\/\/www.treatwell.ch/treatment-files\/wp-content\/uploads\/sites\/11\/2022\/03\/bconceptbymilad_64432114_189984898665233_1184047579407240034_n.jpg","datePublished":"2020-04-27T10:49:14+00:00","description":"Aber was genau ist mit Schnitttechnik \u00fcberhaupt gemeint? Wir haben uns den Fachbegriff von Coiffeurexperte Milad im Interview genauer erkl\u00e4ren lassen.","breadcrumb":{"@id":"https:\/\/www.treatwell.ch/treatment-files\/schnitttechnik-was-passt-zu-welchem-haartyp\/#breadcrumb"},"inLanguage":"de-CH","potentialAction":[{"@type":"ReadAction","target":["https:\/\/www.treatwell.ch/treatment-files\/schnitttechnik-was-passt-zu-welchem-haartyp\/"]}]},{"@type":"ImageObject","inLanguage":"de-CH","@id":"https:\/\/www.treatwell.ch/treatment-files\/schnitttechnik-was-passt-zu-welchem-haartyp\/#primaryimage","url":"https:\/\/www.treatwell.ch/treatment-files\/wp-content\/uploads\/sites\/11\/2022\/03\/bconceptbymilad_64432114_189984898665233_1184047579407240034_n.jpg","contentUrl":"https:\/\/www.treatwell.ch/treatment-files\/wp-content\/uploads\/sites\/11\/2022\/03\/bconceptbymilad_64432114_189984898665233_1184047579407240034_n.jpg","width":628,"height":628},{"@type":"BreadcrumbList","@id":"https:\/\/www.treatwell.ch/treatment-files\/schnitttechnik-was-passt-zu-welchem-haartyp\/#breadcrumb","itemListElement":[{"@type":"ListItem","position":1,"name":"Home","item":"https:\/\/www.treatwell.ch/treatment-files\/"},{"@type":"ListItem","position":2,"name":"Beauty","item":"https:\/\/www.treatwell.ch/treatment-files\/beauty\/"},{"@type":"ListItem","position":3,"name":"Schnitttechnik &#8211; Was passt zu welchem Haartyp?"}]},{"@type":"WebSite","@id":"https:\/\/www.treatwell.ch/treatment-files\/#website","url":"https:\/\/www.treatwell.ch/treatment-files\/","name":"The Treatment Files","description":"Beauty entdecken. Beauty erleben.","publisher":{"@id":"https:\/\/www.treatwell.ch/treatment-files\/#organization"},"potentialAction":[{"@type":"SearchAction","target":{"@type":"EntryPoint","urlTemplate":"https:\/\/www.treatwell.ch/treatment-files\/?s={search_term_string}"},"query-input":{"@type":"PropertyValueSpecification","valueRequired":true,"valueName":"search_term_string"}}],"inLanguage":"de-CH"},{"@type":"Organization","@id":"https:\/\/www.treatwell.ch/treatment-files\/#organization","name":"Treatwell","url":"https:\/\/www.treatwell.ch/treatment-files\/","logo":{"@type":"ImageObject","inLanguage":"de-CH","@id":"https:\/\/www.treatwell.ch/treatment-files\/#\/schema\/logo\/image\/","url":"https:\/\/www.treatwell.ch/treatment-files\/wp-content\/uploads\/sites\/11\/2022\/03\/logo_treatwell.png","contentUrl":"https:\/\/www.treatwell.ch/treatment-files\/wp-content\/uploads\/sites\/11\/2022\/03\/logo_treatwell.png","width":889,"height":164,"caption":"Treatwell"},"image":{"@id":"https:\/\/www.treatwell.ch/treatment-files\/#\/schema\/logo\/image\/"}},{"@type":"Person","@id":"https:\/\/www.treatwell.ch/treatment-files\/#\/schema\/person\/869d3f19bdf4203c8e6e97c64e1c3c8e","name":"Isabella Tombinski-robb","image":{"@type":"ImageObject","inLanguage":"de-CH","@id":"https:\/\/secure.gravatar.com\/avatar\/624ce3bd6151d711f02c8c31549c8390027943dc1293e17bf28c136ce4288a80?s=96&d=mm&r=g","url":"https:\/\/secure.gravatar.com\/avatar\/624ce3bd6151d711f02c8c31549c8390027943dc1293e17bf28c136ce4288a80?s=96&d=mm&r=g","contentUrl":"https:\/\/secure.gravatar.com\/avatar\/624ce3bd6151d711f02c8c31549c8390027943dc1293e17bf28c136ce4288a80?s=96&d=mm&r=g","caption":"Isabella Tombinski-robb"},"url":"https:\/\/www.treatwell.ch/treatment-files\/author\/isabellatombinskirobb\/"}]}},"featured_image_src":"https:\/\/www.treatwell.ch/treatment-files\/wp-content\/uploads\/sites\/11\/2022\/03\/bconceptbymilad_64432114_189984898665233_1184047579407240034_n-600x400.jpg","featured_image_src_square":"https:\/\/www.treatwell.ch/treatment-files\/wp-content\/uploads\/sites\/11\/2022\/03\/bconceptbymilad_64432114_189984898665233_1184047579407240034_n-600x600.jpg","author_info":{"display_name":"Isabella Tombinski-robb","author_link":"https:\/\/www.treatwell.ch/treatment-files\/author\/isabellatombinskirobb\/"},"_links":{"self":[{"href":"https:\/\/www.treatwell.ch\/treatment-files\/wp-json\/wp\/v2\/posts\/15080","targetHints":{"allow":["GET"]}}],"collection":[{"href":"https:\/\/www.treatwell.ch\/treatment-files\/wp-json\/wp\/v2\/posts"}],"about":[{"href":"https:\/\/www.treatwell.ch\/treatment-files\/wp-json\/wp\/v2\/types\/post"}],"author":[{"embeddable":true,"href":"https:\/\/www.treatwell.ch\/treatment-files\/wp-json\/wp\/v2\/users\/3318"}],"replies":[{"embeddable":true,"href":"https:\/\/www.treatwell.ch\/treatment-files\/wp-json\/wp\/v2\/comments?post=15080"}],"version-history":[{"count":0,"href":"https:\/\/www.treatwell.ch\/treatment-files\/wp-json\/wp\/v2\/posts\/15080\/revisions"}],"wp:featuredmedia":[{"embeddable":true,"href":"https:\/\/www.treatwell.ch\/treatment-files\/wp-json\/wp\/v2\/media\/15087"}],"wp:attachment":[{"href":"https:\/\/www.treatwell.ch\/treatment-files\/wp-json\/wp\/v2\/media?parent=15080"}],"wp:term":[{"taxonomy":"category","embeddable":true,"href":"https:\/\/www.treatwell.ch\/treatment-files\/wp-json\/wp\/v2\/categories?post=15080"},{"taxonomy":"post_tag","embeddable":true,"href":"https:\/\/www.treatwell.ch\/treatment-files\/wp-json\/wp\/v2\/tags?post=15080"}],"curies":[{"name":"wp","href":"https:\/\/api.w.org\/{rel}","templated":true}]}}