{"id":15709,"date":"2020-09-28T14:45:00","date_gmt":"2020-09-28T12:45:00","guid":{"rendered":"http:\/\/www.treatwell.ch\/treatment-files\/?p=13746"},"modified":"2020-09-28T14:45:00","modified_gmt":"2020-09-28T12:45:00","slug":"diese-4-haarschnitte-sind-bei-super-feinem-haar-gefragt","status":"publish","type":"post","link":"https:\/\/www.treatwell.ch/treatment-files\/diese-4-haarschnitte-sind-bei-super-feinem-haar-gefragt\/","title":{"rendered":"Diese 4 Haarschnitte sind bei super feinem Haar gefragt"},"content":{"rendered":"<p style=\"text-align: justify\"><span style=\"font-weight: 400\">Kann ein Haarschnitt magisch sein? Nicht wirklich. Aber diese vier Haarschnitte sind schon nah dran. Speziell feines Haar ben\u00f6tigt etwas mehr artsy Handarbeit und einen Profi, der mit diesem Problem t\u00e4glich zu tun hat. Stufen k\u00f6nnen ein wenig mehr Textur und Volumen schaffen und Stirnfransen k\u00f6nnen die Haare von vorne voller wirken lassen. Um dir die Dinge ein wenig zu vereinfachen, haben wir einen kleinen Guide f\u00fcr dich zusammengestellt. So weisst du sicher, <\/span><a href=\"https:\/\/www.treatwell.ch\/orte\/behandlung-damenhaarschnitt\/angebot-typ-lokal\/in-ch\/\"><span style=\"font-weight: 400\">wonach du bei deinem n\u00e4chsten Coiffeurbesuch fragen musst.<\/span><\/a><span style=\"font-weight: 400\"> Dein Haar wird\u2019s dir danken \u2013 trust us.<\/span><\/p>\n<p><span style=\"font-weight: 400\">Von Isabella Tombinski-Robb<\/span><\/p>\n","protected":false},"excerpt":{"rendered":"<p>Kann ein Haarschnitt magisch sein? Nicht wirklich. Aber diese vier Haarschnitte sind schon nah dran. Speziell feines Haar ben\u00f6tigt etwas mehr artsy Handarbeit und einen Profi, der mit diesem Problem t\u00e4glich zu tun hat. Stufen k\u00f6nnen ein wenig mehr Textur und Volumen schaffen und Stirnfransen k\u00f6nnen die Haare von vorne voller wirken lassen. Um dir [&hellip;]<\/p>\n","protected":false},"author":3319,"featured_media":15715,"comment_status":"closed","ping_status":"closed","sticky":false,"template":"","format":"standard","meta":{"_acf_changed":false,"_yoast_wpseo_title":"","_yoast_wpseo_metadesc":"Speziell feines Haar ben\u00f6tigt etwas mehr artsy Handarbeit und einen Profi, der mit diesem Problem t\u00e4glich zu tun hat und passende Haarschnitte parat hat.","_genesis_hide_title":false,"_genesis_hide_breadcrumbs":false,"_genesis_hide_singular_image":false,"_genesis_hide_footer_widgets":false,"_genesis_custom_body_class":"","_genesis_custom_post_class":"","_genesis_layout":"","saswp_custom_schema_field":"","footnotes":""},"categories":[9],"tags":[3,5],"class_list":{"0":"post-15709","1":"post","2":"type-post","3":"status-publish","4":"format-standard","5":"has-post-thumbnail","7":"category-beauty","8":"tag-tt6","9":"tag-tr166","10":"entry"},"acf":{"post_credits":"Bildrechte: Jama Kassi\/Unsplash, @chibakenta, @hairwithkels, @920_stylist, @christinasvec","beauty_blog_post_button_title":"","beauty_blog_post_button":"","landscape_picture":15714,"blocks":[{"block_title":"Ein abgeschr\u00e4gter Lob","block_content":"<p>Diese <a href=\"https:\/\/www.treatwell.ch\/treatment-files\/lob-wob-oder-doch-sob-der-ultimative-bob-guide\/\">Lob-Version<\/a> streift nur leicht die Schulter und verleiht deinem d&uuml;nnen Haar mehr K&ouml;rper und Form. Ein seitlich, abgestufter Pony wie bei Schauspielerin Emma Stone rundet diesen Schnitt romantisch ab. Tipp: Lass dir den Schnitt mit einem Seitenscheitel verpassen, f&uuml;r extra gemogeltes Volumen.<\/p>\n","video_content":"","block_picture":15710},{"block_title":"Lange Haare, fedrige Stufen","block_content":"<p>Wenn du wirklich sehr feines Haar hast und Volumen dein Ziel ist, dann bitte deinen Coiffeur einfach, ein wenig Textur an den Spitzen zu erstellen. Zu sehr durchstufen w&auml;re hier eher schlecht als recht, deswegen wird das ganze nur sehr leicht und fedrig gestuft. Cameron Diaz geh&ouml;rt zum Beispiel zu den Personen, die unter sehr(!) feinem Haar &ldquo;leiden&rdquo;. Ihre lange Haarpracht erh&auml;lt sie deswegen mit feinen Stufen in den Spitzen.<\/p>\n","video_content":"","block_picture":15711},{"block_title":"Verspielter Bob","block_content":"<p>Was gibt es trendigeres als einen Bob dieses Jahr? W&auml;hrend der klassische Bob mit scharf geschnittenem Pony recht lange beliebt war, haben sich <a href=\"https:\/\/www.treatwell.ch\/treatment-files\/warum-man-layered-bob-cuts-einfach-lieben-muss\/\">abgestufte und verspielte Versionen <\/a>die Front der Top-Haarschnitte erk&auml;mpft. Asymmetrie ist hier das Zauberwort und fedrige Stufenschnitte und lockige Wellen spielen hier eine wichtige Rolle. Sienna Miller hat es uns schon vor ein paar Jahren vorgemacht und l&auml;sst uns von mehr Volumen tr&auml;umen.<\/p>\n","video_content":"","block_picture":15712},{"block_title":"70er-Shag","block_content":"<p>Last but not least stellen wir euch den 70er-Shag vor. Der kommt dann ins Spiel, wenn man noch zus&auml;tzlich zu feinem Haar auch noch Probleme mit sehr d&uuml;nnen Haarstr&auml;hnen hat (jap, fast schon so d&uuml;nn wie Babyhaare). Hier raten wir zu Stirnfransen, die dann sanft zur Seite abgestuft werden. Ein gutes Beispiel daf&uuml;r ist Alexa Chung, die auch bekannt f&uuml;r ihren recht str&auml;hnigen Fringe ist.<\/p>\n\n<p>Mit Treatwell kannst du <a href=\"http:\/\/www.treatwell.ch\/\">Beauty und all deine Lieblingssalons online buchen<\/a> &ndash; simpel, m&uuml;helos, von unterwegs. Hier gehts <a href=\"https:\/\/www.treatwell.ch\/orte\/behandlung-damenhaarschnitt\/angebot-typ-lokal\/in-ch\/\">zu den besten Salons in deiner Umgebung<\/a>.<\/p>\n","video_content":"","block_picture":15713}]},"yoast_head":"<!-- This site is optimized with the Yoast SEO plugin v27.4 - https:\/\/yoast.com\/product\/yoast-seo-wordpress\/ -->\n<title>Diese 4 Haarschnitte sind bei super feinem Haar gefragt | Treatwell<\/title>\n<meta name=\"description\" content=\"Speziell feines Haar ben\u00f6tigt etwas mehr artsy Handarbeit und einen Profi, der mit diesem Problem t\u00e4glich zu tun hat und passende Haarschnitte parat hat.\" \/>\n<meta name=\"robots\" content=\"index, follow, max-snippet:-1, max-image-preview:large, max-video-preview:-1\" \/>\n<link rel=\"canonical\" href=\"https:\/\/www.treatwell.ch/treatment-files\/diese-4-haarschnitte-sind-bei-super-feinem-haar-gefragt\/\" \/>\n<meta property=\"og:locale\" content=\"de_DE\" \/>\n<meta property=\"og:type\" content=\"article\" \/>\n<meta property=\"og:title\" content=\"Diese 4 Haarschnitte sind bei super feinem Haar gefragt | Treatwell\" \/>\n<meta property=\"og:description\" content=\"Speziell feines Haar ben\u00f6tigt etwas mehr artsy Handarbeit und einen Profi, der mit diesem Problem t\u00e4glich zu tun hat und passende Haarschnitte parat hat.\" \/>\n<meta property=\"og:url\" content=\"https:\/\/www.treatwell.ch/treatment-files\/diese-4-haarschnitte-sind-bei-super-feinem-haar-gefragt\/\" \/>\n<meta property=\"og:site_name\" content=\"The Treatment Files\" \/>\n<meta property=\"article:published_time\" content=\"2020-09-28T12:45:00+00:00\" \/>\n<meta property=\"og:image\" content=\"https:\/\/www.treatwell.ch/treatment-files\/wp-content\/uploads\/sites\/11\/2022\/03\/jamakassi-592666-unsplash-HERO.png\" \/>\n\t<meta property=\"og:image:width\" content=\"1200\" \/>\n\t<meta property=\"og:image:height\" content=\"628\" \/>\n\t<meta property=\"og:image:type\" content=\"image\/png\" \/>\n<meta name=\"twitter:card\" content=\"summary_large_image\" \/>\n<meta name=\"twitter:label1\" content=\"Geschrieben von\" \/>\n\t<meta name=\"twitter:data1\" content=\"\" \/>\n<script type=\"application\/ld+json\" class=\"yoast-schema-graph\">{\"@context\":\"https:\\\/\\\/schema.org\",\"@graph\":[{\"@type\":\"Article\",\"@id\":\"https:\\\/\\\/www.treatwell.ch/treatment-files\\\/diese-4-haarschnitte-sind-bei-super-feinem-haar-gefragt\\\/#article\",\"isPartOf\":{\"@id\":\"https:\\\/\\\/www.treatwell.ch/treatment-files\\\/diese-4-haarschnitte-sind-bei-super-feinem-haar-gefragt\\\/\"},\"author\":{\"name\":\"\",\"@id\":\"\"},\"headline\":\"Diese 4 Haarschnitte sind bei super feinem Haar gefragt\",\"datePublished\":\"2020-09-28T12:45:00+00:00\",\"mainEntityOfPage\":{\"@id\":\"https:\\\/\\\/www.treatwell.ch/treatment-files\\\/diese-4-haarschnitte-sind-bei-super-feinem-haar-gefragt\\\/\"},\"wordCount\":106,\"publisher\":{\"@id\":\"https:\\\/\\\/www.treatwell.ch/treatment-files\\\/#organization\"},\"image\":{\"@id\":\"https:\\\/\\\/www.treatwell.ch/treatment-files\\\/diese-4-haarschnitte-sind-bei-super-feinem-haar-gefragt\\\/#primaryimage\"},\"thumbnailUrl\":\"https:\\\/\\\/www.treatwell.ch/treatment-files\\\/wp-content\\\/uploads\\\/sites\\\/11\\\/2022\\\/03\\\/image_FEATURED.png\",\"keywords\":[\"Hair\",\"Haircuts and Hairdressing\"],\"articleSection\":[\"Beauty\"],\"inLanguage\":\"de-CH\"},{\"@type\":\"WebPage\",\"@id\":\"https:\\\/\\\/www.treatwell.ch/treatment-files\\\/diese-4-haarschnitte-sind-bei-super-feinem-haar-gefragt\\\/\",\"url\":\"https:\\\/\\\/www.treatwell.ch/treatment-files\\\/diese-4-haarschnitte-sind-bei-super-feinem-haar-gefragt\\\/\",\"name\":\"Diese 4 Haarschnitte sind bei super feinem Haar gefragt | Treatwell\",\"isPartOf\":{\"@id\":\"https:\\\/\\\/www.treatwell.ch/treatment-files\\\/#website\"},\"primaryImageOfPage\":{\"@id\":\"https:\\\/\\\/www.treatwell.ch/treatment-files\\\/diese-4-haarschnitte-sind-bei-super-feinem-haar-gefragt\\\/#primaryimage\"},\"image\":{\"@id\":\"https:\\\/\\\/www.treatwell.ch/treatment-files\\\/diese-4-haarschnitte-sind-bei-super-feinem-haar-gefragt\\\/#primaryimage\"},\"thumbnailUrl\":\"https:\\\/\\\/www.treatwell.ch/treatment-files\\\/wp-content\\\/uploads\\\/sites\\\/11\\\/2022\\\/03\\\/image_FEATURED.png\",\"datePublished\":\"2020-09-28T12:45:00+00:00\",\"description\":\"Speziell feines Haar ben\u00f6tigt etwas mehr artsy Handarbeit und einen Profi, der mit diesem Problem t\u00e4glich zu tun hat und passende Haarschnitte parat hat.\",\"breadcrumb\":{\"@id\":\"https:\\\/\\\/www.treatwell.ch/treatment-files\\\/diese-4-haarschnitte-sind-bei-super-feinem-haar-gefragt\\\/#breadcrumb\"},\"inLanguage\":\"de-CH\",\"potentialAction\":[{\"@type\":\"ReadAction\",\"target\":[\"https:\\\/\\\/www.treatwell.ch/treatment-files\\\/diese-4-haarschnitte-sind-bei-super-feinem-haar-gefragt\\\/\"]}]},{\"@type\":\"ImageObject\",\"inLanguage\":\"de-CH\",\"@id\":\"https:\\\/\\\/www.treatwell.ch/treatment-files\\\/diese-4-haarschnitte-sind-bei-super-feinem-haar-gefragt\\\/#primaryimage\",\"url\":\"https:\\\/\\\/www.treatwell.ch/treatment-files\\\/wp-content\\\/uploads\\\/sites\\\/11\\\/2022\\\/03\\\/image_FEATURED.png\",\"contentUrl\":\"https:\\\/\\\/www.treatwell.ch/treatment-files\\\/wp-content\\\/uploads\\\/sites\\\/11\\\/2022\\\/03\\\/image_FEATURED.png\",\"width\":628,\"height\":628},{\"@type\":\"BreadcrumbList\",\"@id\":\"https:\\\/\\\/www.treatwell.ch/treatment-files\\\/diese-4-haarschnitte-sind-bei-super-feinem-haar-gefragt\\\/#breadcrumb\",\"itemListElement\":[{\"@type\":\"ListItem\",\"position\":1,\"name\":\"Home\",\"item\":\"https:\\\/\\\/www.treatwell.ch/treatment-files\\\/\"},{\"@type\":\"ListItem\",\"position\":2,\"name\":\"Beauty\",\"item\":\"https:\\\/\\\/www.treatwell.ch/treatment-files\\\/beauty\\\/\"},{\"@type\":\"ListItem\",\"position\":3,\"name\":\"Diese 4 Haarschnitte sind bei super feinem Haar gefragt\"}]},{\"@type\":\"WebSite\",\"@id\":\"https:\\\/\\\/www.treatwell.ch/treatment-files\\\/#website\",\"url\":\"https:\\\/\\\/www.treatwell.ch/treatment-files\\\/\",\"name\":\"The Treatment Files\",\"description\":\"Beauty entdecken. Beauty erleben.\",\"publisher\":{\"@id\":\"https:\\\/\\\/www.treatwell.ch/treatment-files\\\/#organization\"},\"potentialAction\":[{\"@type\":\"SearchAction\",\"target\":{\"@type\":\"EntryPoint\",\"urlTemplate\":\"https:\\\/\\\/www.treatwell.ch/treatment-files\\\/?s={search_term_string}\"},\"query-input\":{\"@type\":\"PropertyValueSpecification\",\"valueRequired\":true,\"valueName\":\"search_term_string\"}}],\"inLanguage\":\"de-CH\"},{\"@type\":\"Organization\",\"@id\":\"https:\\\/\\\/www.treatwell.ch/treatment-files\\\/#organization\",\"name\":\"Treatwell\",\"url\":\"https:\\\/\\\/www.treatwell.ch/treatment-files\\\/\",\"logo\":{\"@type\":\"ImageObject\",\"inLanguage\":\"de-CH\",\"@id\":\"https:\\\/\\\/www.treatwell.ch/treatment-files\\\/#\\\/schema\\\/logo\\\/image\\\/\",\"url\":\"https:\\\/\\\/www.treatwell.ch/treatment-files\\\/wp-content\\\/uploads\\\/sites\\\/11\\\/2022\\\/03\\\/logo_treatwell.png\",\"contentUrl\":\"https:\\\/\\\/www.treatwell.ch/treatment-files\\\/wp-content\\\/uploads\\\/sites\\\/11\\\/2022\\\/03\\\/logo_treatwell.png\",\"width\":889,\"height\":164,\"caption\":\"Treatwell\"},\"image\":{\"@id\":\"https:\\\/\\\/www.treatwell.ch/treatment-files\\\/#\\\/schema\\\/logo\\\/image\\\/\"}},{\"@type\":\"Person\",\"@id\":\"\",\"url\":\"https:\\\/\\\/www.treatwell.ch/treatment-files\\\/author\\\/\"}]}<\/script>\n<!-- \/ Yoast SEO plugin. -->","yoast_head_json":{"title":"Diese 4 Haarschnitte sind bei super feinem Haar gefragt | Treatwell","description":"Speziell feines Haar ben\u00f6tigt etwas mehr artsy Handarbeit und einen Profi, der mit diesem Problem t\u00e4glich zu tun hat und passende Haarschnitte parat hat.","robots":{"index":"index","follow":"follow","max-snippet":"max-snippet:-1","max-image-preview":"max-image-preview:large","max-video-preview":"max-video-preview:-1"},"canonical":"https:\/\/www.treatwell.ch/treatment-files\/diese-4-haarschnitte-sind-bei-super-feinem-haar-gefragt\/","og_locale":"de_DE","og_type":"article","og_title":"Diese 4 Haarschnitte sind bei super feinem Haar gefragt | Treatwell","og_description":"Speziell feines Haar ben\u00f6tigt etwas mehr artsy Handarbeit und einen Profi, der mit diesem Problem t\u00e4glich zu tun hat und passende Haarschnitte parat hat.","og_url":"https:\/\/www.treatwell.ch/treatment-files\/diese-4-haarschnitte-sind-bei-super-feinem-haar-gefragt\/","og_site_name":"The Treatment Files","article_published_time":"2020-09-28T12:45:00+00:00","og_image":[{"width":1200,"height":628,"url":"https:\/\/www.treatwell.ch/treatment-files\/wp-content\/uploads\/sites\/11\/2022\/03\/jamakassi-592666-unsplash-HERO.png","type":"image\/png"}],"twitter_card":"summary_large_image","twitter_misc":{"Geschrieben von":""},"schema":{"@context":"https:\/\/schema.org","@graph":[{"@type":"Article","@id":"https:\/\/www.treatwell.ch/treatment-files\/diese-4-haarschnitte-sind-bei-super-feinem-haar-gefragt\/#article","isPartOf":{"@id":"https:\/\/www.treatwell.ch/treatment-files\/diese-4-haarschnitte-sind-bei-super-feinem-haar-gefragt\/"},"author":{"name":"","@id":""},"headline":"Diese 4 Haarschnitte sind bei super feinem Haar gefragt","datePublished":"2020-09-28T12:45:00+00:00","mainEntityOfPage":{"@id":"https:\/\/www.treatwell.ch/treatment-files\/diese-4-haarschnitte-sind-bei-super-feinem-haar-gefragt\/"},"wordCount":106,"publisher":{"@id":"https:\/\/www.treatwell.ch/treatment-files\/#organization"},"image":{"@id":"https:\/\/www.treatwell.ch/treatment-files\/diese-4-haarschnitte-sind-bei-super-feinem-haar-gefragt\/#primaryimage"},"thumbnailUrl":"https:\/\/www.treatwell.ch/treatment-files\/wp-content\/uploads\/sites\/11\/2022\/03\/image_FEATURED.png","keywords":["Hair","Haircuts and Hairdressing"],"articleSection":["Beauty"],"inLanguage":"de-CH"},{"@type":"WebPage","@id":"https:\/\/www.treatwell.ch/treatment-files\/diese-4-haarschnitte-sind-bei-super-feinem-haar-gefragt\/","url":"https:\/\/www.treatwell.ch/treatment-files\/diese-4-haarschnitte-sind-bei-super-feinem-haar-gefragt\/","name":"Diese 4 Haarschnitte sind bei super feinem Haar gefragt | Treatwell","isPartOf":{"@id":"https:\/\/www.treatwell.ch/treatment-files\/#website"},"primaryImageOfPage":{"@id":"https:\/\/www.treatwell.ch/treatment-files\/diese-4-haarschnitte-sind-bei-super-feinem-haar-gefragt\/#primaryimage"},"image":{"@id":"https:\/\/www.treatwell.ch/treatment-files\/diese-4-haarschnitte-sind-bei-super-feinem-haar-gefragt\/#primaryimage"},"thumbnailUrl":"https:\/\/www.treatwell.ch/treatment-files\/wp-content\/uploads\/sites\/11\/2022\/03\/image_FEATURED.png","datePublished":"2020-09-28T12:45:00+00:00","description":"Speziell feines Haar ben\u00f6tigt etwas mehr artsy Handarbeit und einen Profi, der mit diesem Problem t\u00e4glich zu tun hat und passende Haarschnitte parat hat.","breadcrumb":{"@id":"https:\/\/www.treatwell.ch/treatment-files\/diese-4-haarschnitte-sind-bei-super-feinem-haar-gefragt\/#breadcrumb"},"inLanguage":"de-CH","potentialAction":[{"@type":"ReadAction","target":["https:\/\/www.treatwell.ch/treatment-files\/diese-4-haarschnitte-sind-bei-super-feinem-haar-gefragt\/"]}]},{"@type":"ImageObject","inLanguage":"de-CH","@id":"https:\/\/www.treatwell.ch/treatment-files\/diese-4-haarschnitte-sind-bei-super-feinem-haar-gefragt\/#primaryimage","url":"https:\/\/www.treatwell.ch/treatment-files\/wp-content\/uploads\/sites\/11\/2022\/03\/image_FEATURED.png","contentUrl":"https:\/\/www.treatwell.ch/treatment-files\/wp-content\/uploads\/sites\/11\/2022\/03\/image_FEATURED.png","width":628,"height":628},{"@type":"BreadcrumbList","@id":"https:\/\/www.treatwell.ch/treatment-files\/diese-4-haarschnitte-sind-bei-super-feinem-haar-gefragt\/#breadcrumb","itemListElement":[{"@type":"ListItem","position":1,"name":"Home","item":"https:\/\/www.treatwell.ch/treatment-files\/"},{"@type":"ListItem","position":2,"name":"Beauty","item":"https:\/\/www.treatwell.ch/treatment-files\/beauty\/"},{"@type":"ListItem","position":3,"name":"Diese 4 Haarschnitte sind bei super feinem Haar gefragt"}]},{"@type":"WebSite","@id":"https:\/\/www.treatwell.ch/treatment-files\/#website","url":"https:\/\/www.treatwell.ch/treatment-files\/","name":"The Treatment Files","description":"Beauty entdecken. Beauty erleben.","publisher":{"@id":"https:\/\/www.treatwell.ch/treatment-files\/#organization"},"potentialAction":[{"@type":"SearchAction","target":{"@type":"EntryPoint","urlTemplate":"https:\/\/www.treatwell.ch/treatment-files\/?s={search_term_string}"},"query-input":{"@type":"PropertyValueSpecification","valueRequired":true,"valueName":"search_term_string"}}],"inLanguage":"de-CH"},{"@type":"Organization","@id":"https:\/\/www.treatwell.ch/treatment-files\/#organization","name":"Treatwell","url":"https:\/\/www.treatwell.ch/treatment-files\/","logo":{"@type":"ImageObject","inLanguage":"de-CH","@id":"https:\/\/www.treatwell.ch/treatment-files\/#\/schema\/logo\/image\/","url":"https:\/\/www.treatwell.ch/treatment-files\/wp-content\/uploads\/sites\/11\/2022\/03\/logo_treatwell.png","contentUrl":"https:\/\/www.treatwell.ch/treatment-files\/wp-content\/uploads\/sites\/11\/2022\/03\/logo_treatwell.png","width":889,"height":164,"caption":"Treatwell"},"image":{"@id":"https:\/\/www.treatwell.ch/treatment-files\/#\/schema\/logo\/image\/"}},{"@type":"Person","@id":"","url":"https:\/\/www.treatwell.ch/treatment-files\/author\/"}]}},"featured_image_src":"https:\/\/www.treatwell.ch/treatment-files\/wp-content\/uploads\/sites\/11\/2022\/03\/image_FEATURED-600x400.png","featured_image_src_square":"https:\/\/www.treatwell.ch/treatment-files\/wp-content\/uploads\/sites\/11\/2022\/03\/image_FEATURED-600x600.png","author_info":{"display_name":"","author_link":"https:\/\/www.treatwell.ch/treatment-files\/author\/"},"_links":{"self":[{"href":"https:\/\/www.treatwell.ch\/treatment-files\/wp-json\/wp\/v2\/posts\/15709","targetHints":{"allow":["GET"]}}],"collection":[{"href":"https:\/\/www.treatwell.ch\/treatment-files\/wp-json\/wp\/v2\/posts"}],"about":[{"href":"https:\/\/www.treatwell.ch\/treatment-files\/wp-json\/wp\/v2\/types\/post"}],"author":[{"embeddable":true,"href":"https:\/\/www.treatwell.ch\/treatment-files\/wp-json\/wp\/v2\/users\/3319"}],"replies":[{"embeddable":true,"href":"https:\/\/www.treatwell.ch\/treatment-files\/wp-json\/wp\/v2\/comments?post=15709"}],"version-history":[{"count":0,"href":"https:\/\/www.treatwell.ch\/treatment-files\/wp-json\/wp\/v2\/posts\/15709\/revisions"}],"wp:featuredmedia":[{"embeddable":true,"href":"https:\/\/www.treatwell.ch\/treatment-files\/wp-json\/wp\/v2\/media\/15715"}],"wp:attachment":[{"href":"https:\/\/www.treatwell.ch\/treatment-files\/wp-json\/wp\/v2\/media?parent=15709"}],"wp:term":[{"taxonomy":"category","embeddable":true,"href":"https:\/\/www.treatwell.ch\/treatment-files\/wp-json\/wp\/v2\/categories?post=15709"},{"taxonomy":"post_tag","embeddable":true,"href":"https:\/\/www.treatwell.ch\/treatment-files\/wp-json\/wp\/v2\/tags?post=15709"}],"curies":[{"name":"wp","href":"https:\/\/api.w.org\/{rel}","templated":true}]}}