{"id":15892,"date":"2020-11-05T08:00:46","date_gmt":"2020-11-05T07:00:46","guid":{"rendered":"http:\/\/www.treatwell.ch\/treatment-files\/?p=19139"},"modified":"2020-11-05T08:00:46","modified_gmt":"2020-11-05T07:00:46","slug":"fit-und-wach-ins-home-office-so-startest-du-motiviert-in-den-arbeitstag","status":"publish","type":"post","link":"https:\/\/www.treatwell.ch/treatment-files\/fit-und-wach-ins-home-office-so-startest-du-motiviert-in-den-arbeitstag\/","title":{"rendered":"Fit und wach ins Home Office: So startest du motiviert in den Arbeitstag"},"content":{"rendered":"<p style=\"text-align: justify\"><span style=\"font-weight: 400\">Gerade in den Wintermonaten f\u00e4llt es uns oft schwer, morgens nicht f\u00fcnf mal auf Snooze zu dr\u00fccken und uns aus dem Bett zu sch\u00e4len. Je dunkler es am Morgen ist, umso schwieriger wird auch der Start in den Tag. Und auch wenn wir absolut verstehen k\u00f6nnen, dass deine Morgenroutine momentan darin besteht, dich zehn Minuten vor Arbeitsbeginn aus dem Bett zu rollen, die Kaffeemaschine anzumachen und den Laptop aufzuklappen, hat es doch Vorteile, deinem K\u00f6rper eine etwas l\u00e4ngere Aufw\u00e4rmphase zu g\u00f6nnen. Deswegen haben wir hier ein paar Tipps f\u00fcr dich zusammengestellt, wie du deinen Morgen nutzen kannst, um <\/span><a href=\"https:\/\/www.treatwell.ch\/treatment-files\/home-office-3-produktive-tipps-fuer-einen-optimalen-arbeitstag\/\"><span style=\"font-weight: 400\">motiviert und produktiv<\/span><\/a><span style=\"font-weight: 400\"> ins Home Office zu starten.\u00a0<\/span><\/p>\n","protected":false},"excerpt":{"rendered":"<p>Gerade in den Wintermonaten f\u00e4llt es uns oft schwer, morgens nicht f\u00fcnf mal auf Snooze zu dr\u00fccken und uns aus dem Bett zu sch\u00e4len. Je dunkler es am Morgen ist, umso schwieriger wird auch der Start in den Tag. Und auch wenn wir absolut verstehen k\u00f6nnen, dass deine Morgenroutine momentan darin besteht, dich zehn Minuten [&hellip;]<\/p>\n","protected":false},"author":3350,"featured_media":15899,"comment_status":"closed","ping_status":"closed","sticky":false,"template":"","format":"standard","meta":{"_acf_changed":false,"_yoast_wpseo_title":"","_yoast_wpseo_metadesc":"Wir haben hier ein paar Tipps f\u00fcr dich zusammengestellt, wie du deinen Morgen nutzen kannst, um motiviert und produktiv ins Home Office zu starten.","_genesis_hide_title":false,"_genesis_hide_breadcrumbs":false,"_genesis_hide_singular_image":false,"_genesis_hide_footer_widgets":false,"_genesis_custom_body_class":"","_genesis_custom_post_class":"","_genesis_layout":"","saswp_custom_schema_field":"","footnotes":""},"categories":[9],"tags":[8],"class_list":{"0":"post-15892","1":"post","2":"type-post","3":"status-publish","4":"format-standard","5":"has-post-thumbnail","7":"category-beauty","8":"tag-tr50","9":"entry"},"acf":{"post_credits":"Bildrechte: Ava Sol\/Unsplash, Tina Witherspoon\/Unsplash, Laura Chouette\/Unsplash, Jan Baborak\/Unsplash, Dan Gold\/Unsplash, Content Pixie\/Unsplash, Drew Taylor\/Unsplash","beauty_blog_post_button_title":"","beauty_blog_post_button":"","landscape_picture":15898,"blocks":[{"block_title":"Bewegung","block_content":"<p>Bewegung ist m&ouml;glicherweise das Letzte, was du dir in der Fr&uuml;h w&uuml;nschst, aber indem du dich so eng wie m&ouml;glich um deine Tee- oder Kaffeetasse kuschelst, gibst du deinem K&ouml;rper kaum eine Chance aufzuwachen. Versuche morgens, deinen Kreislauf in Schwung zu bringen und deine Muskeln zu aktivieren, da du so viel schneller in den Arbeitsmodus kommen wirst. Ein paar einfache Dehn&uuml;bungen, die du sogar noch im Bett machen kannst, sind daf&uuml;r eine gute Idee, oder du gehst f&uuml;r ein paar Minuten hinaus und holst dir einen Kaffee oder ein kleines Fr&uuml;hst&uuml;ck. Das klingt doch schon besser, oder?<\/p>\n","video_content":"","block_picture":15893},{"block_title":"Frischluft","block_content":"<p>Sauerstoff ist wichtig, um alle deine Gehirnzellen hochzufahren und konzentriert in den Arbeitstag starten zu k&ouml;nnen, deswegen l&uuml;fte nach dem Aufstehen gut durch. Wenn du einen Balkon hast, dann stell dich doch kurz hinaus und atme ein paar Mal tief durch. Auch hier sei wieder auf den Tipp verwiesen, dir einfach schnell Kaffee zu holen, damit schl&auml;gst du wirklich mehrere Fliegen mit einer Klatsche.<\/p>\n","video_content":"","block_picture":15894},{"block_title":"Ein Outfit ausw\u00e4hlen","block_content":"<p>So kuschelig dein Pyjama auch sein mag, gib einem richtigen Outfit auch mal eine Chance. Kleine Rituale sind wichtig, weil sie unseren K&ouml;rper durch Gewohnheit in bestimmte Stimmungen versetzen. Wenn du dich wieder daran gew&ouml;hnst, dich in einem bequemen, aber alltagstauglichen Outfit vor den Schreibtisch zu setzen, dann verbindet dein K&ouml;rper nach einiger Zeit das Anziehen sozusagen mit einem Weckruf und du wirst von Anfang an produktiver in deiner Arbeit sein.<\/p>\n","video_content":"","block_picture":15895},{"block_title":"Erweiterte Skin-Care-Routine","block_content":"<p>Die vermutlich sinnvollste Investition des Tages? Stecke etwas von der Zeit, die du momentan nicht in den &ouml;ffentlichen Verkehrsmitteln verbringst, in die Verl&auml;ngerung deiner Skin-Care-Routine. Reinige dein Gesicht gr&uuml;ndlicher, trage deine Toner doch wirklich jeden Tag auf oder massiere deine Pflegeprodukte <a href=\"https:\/\/www.treatwell.ch\/treatment-files\/jaderoller-vs-gua-sha\/\">mit einem Jade Roller<\/a> in deine Haut ein &ndash; oder mach alles davon! Du wirst es bestimmt nicht bereuen.<\/p>\n","video_content":"","block_picture":15896},{"block_title":"Abwarten und Tee trinken","block_content":"<p>Morgens den K&ouml;rper mit Fl&uuml;ssigkeit zu versorgen, ist sowieso wichtig, aber wir empfehlen dir, es dabei doch mal mit einer Tasse Tee zu versuchen. Egal ob Stresslinderung in diesen angespannten Zeiten oder Aufwachen dein Hauptziel ist, es gibt f&uuml;r jedes Problem den passenden Tee. Und warm ist er auch noch, also kann er vielleicht sogar den Verlust des Kuschelpullis mindern.&nbsp;<\/p>\n\n<p><strong>Eine Anmerkung von uns: In dieser unsicheren Zeit wollen wir weiterhin Inhalte schaffen, die du liebst &ndash; sei es zur Ablenkung, zur Inspiration oder um dir (hoffentlich) eine kleine Anleitung zum Wohlbefinden zu geben. Wenn es etwas gibt, das du gerne sehen (oder nicht sehen) m&ouml;chtest, kontaktiere uns doch bitte &uuml;ber Instagram <a href=\"https:\/\/www.instagram.com\/treatwell_dach\/\">@treatwell_dach<\/a>. Bleib gesund und sicher!<\/strong><\/p>\n","video_content":"","block_picture":15897}]},"yoast_head":"<!-- This site is optimized with the Yoast SEO plugin v27.4 - https:\/\/yoast.com\/product\/yoast-seo-wordpress\/ -->\n<title>Fit und wach ins Home Office: So startest du motiviert in den Arbeitstag | Treatwell<\/title>\n<meta name=\"description\" content=\"Wir haben hier ein paar Tipps f\u00fcr dich zusammengestellt, wie du deinen Morgen nutzen kannst, um motiviert und produktiv ins Home Office zu starten.\" \/>\n<meta name=\"robots\" content=\"index, follow, max-snippet:-1, max-image-preview:large, max-video-preview:-1\" \/>\n<link rel=\"canonical\" href=\"https:\/\/www.treatwell.ch/treatment-files\/fit-und-wach-ins-home-office-so-startest-du-motiviert-in-den-arbeitstag\/\" \/>\n<meta property=\"og:locale\" content=\"de_DE\" \/>\n<meta property=\"og:type\" content=\"article\" \/>\n<meta property=\"og:title\" content=\"Fit und wach ins Home Office: So startest du motiviert in den Arbeitstag | Treatwell\" \/>\n<meta property=\"og:description\" content=\"Wir haben hier ein paar Tipps f\u00fcr dich zusammengestellt, wie du deinen Morgen nutzen kannst, um motiviert und produktiv ins Home Office zu starten.\" \/>\n<meta property=\"og:url\" content=\"https:\/\/www.treatwell.ch/treatment-files\/fit-und-wach-ins-home-office-so-startest-du-motiviert-in-den-arbeitstag\/\" \/>\n<meta property=\"og:site_name\" content=\"The Treatment Files\" \/>\n<meta property=\"article:published_time\" content=\"2020-11-05T07:00:46+00:00\" \/>\n<meta property=\"og:image\" content=\"https:\/\/www.treatwell.ch/treatment-files\/wp-content\/uploads\/sites\/11\/2022\/03\/ava-sol-eUPiOhssg14-unsplash.jpg\" \/>\n\t<meta property=\"og:image:width\" content=\"1200\" \/>\n\t<meta property=\"og:image:height\" content=\"628\" \/>\n\t<meta property=\"og:image:type\" content=\"image\/jpeg\" \/>\n<meta name=\"twitter:card\" content=\"summary_large_image\" \/>\n<meta name=\"twitter:label1\" content=\"Geschrieben von\" \/>\n\t<meta name=\"twitter:data1\" content=\"\" \/>\n\t<meta name=\"twitter:label2\" content=\"Gesch\u00e4tzte Lesezeit\" \/>\n\t<meta name=\"twitter:data2\" content=\"1 Minute\" \/>\n<script type=\"application\/ld+json\" class=\"yoast-schema-graph\">{\"@context\":\"https:\\\/\\\/schema.org\",\"@graph\":[{\"@type\":\"Article\",\"@id\":\"https:\\\/\\\/www.treatwell.ch/treatment-files\\\/fit-und-wach-ins-home-office-so-startest-du-motiviert-in-den-arbeitstag\\\/#article\",\"isPartOf\":{\"@id\":\"https:\\\/\\\/www.treatwell.ch/treatment-files\\\/fit-und-wach-ins-home-office-so-startest-du-motiviert-in-den-arbeitstag\\\/\"},\"author\":{\"name\":\"\",\"@id\":\"\"},\"headline\":\"Fit und wach ins Home Office: So startest du motiviert in den Arbeitstag\",\"datePublished\":\"2020-11-05T07:00:46+00:00\",\"mainEntityOfPage\":{\"@id\":\"https:\\\/\\\/www.treatwell.ch/treatment-files\\\/fit-und-wach-ins-home-office-so-startest-du-motiviert-in-den-arbeitstag\\\/\"},\"wordCount\":129,\"publisher\":{\"@id\":\"https:\\\/\\\/www.treatwell.ch/treatment-files\\\/#organization\"},\"image\":{\"@id\":\"https:\\\/\\\/www.treatwell.ch/treatment-files\\\/fit-und-wach-ins-home-office-so-startest-du-motiviert-in-den-arbeitstag\\\/#primaryimage\"},\"thumbnailUrl\":\"https:\\\/\\\/www.treatwell.ch/treatment-files\\\/wp-content\\\/uploads\\\/sites\\\/11\\\/2022\\\/03\\\/tina-witherspoon-ePu9rM_ud7g-unsplash.jpg\",\"keywords\":[\"Facials\"],\"articleSection\":[\"Beauty\"],\"inLanguage\":\"de-CH\"},{\"@type\":\"WebPage\",\"@id\":\"https:\\\/\\\/www.treatwell.ch/treatment-files\\\/fit-und-wach-ins-home-office-so-startest-du-motiviert-in-den-arbeitstag\\\/\",\"url\":\"https:\\\/\\\/www.treatwell.ch/treatment-files\\\/fit-und-wach-ins-home-office-so-startest-du-motiviert-in-den-arbeitstag\\\/\",\"name\":\"Fit und wach ins Home Office: So startest du motiviert in den Arbeitstag | Treatwell\",\"isPartOf\":{\"@id\":\"https:\\\/\\\/www.treatwell.ch/treatment-files\\\/#website\"},\"primaryImageOfPage\":{\"@id\":\"https:\\\/\\\/www.treatwell.ch/treatment-files\\\/fit-und-wach-ins-home-office-so-startest-du-motiviert-in-den-arbeitstag\\\/#primaryimage\"},\"image\":{\"@id\":\"https:\\\/\\\/www.treatwell.ch/treatment-files\\\/fit-und-wach-ins-home-office-so-startest-du-motiviert-in-den-arbeitstag\\\/#primaryimage\"},\"thumbnailUrl\":\"https:\\\/\\\/www.treatwell.ch/treatment-files\\\/wp-content\\\/uploads\\\/sites\\\/11\\\/2022\\\/03\\\/tina-witherspoon-ePu9rM_ud7g-unsplash.jpg\",\"datePublished\":\"2020-11-05T07:00:46+00:00\",\"description\":\"Wir haben hier ein paar Tipps f\u00fcr dich zusammengestellt, wie du deinen Morgen nutzen kannst, um motiviert und produktiv ins Home Office zu starten.\",\"breadcrumb\":{\"@id\":\"https:\\\/\\\/www.treatwell.ch/treatment-files\\\/fit-und-wach-ins-home-office-so-startest-du-motiviert-in-den-arbeitstag\\\/#breadcrumb\"},\"inLanguage\":\"de-CH\",\"potentialAction\":[{\"@type\":\"ReadAction\",\"target\":[\"https:\\\/\\\/www.treatwell.ch/treatment-files\\\/fit-und-wach-ins-home-office-so-startest-du-motiviert-in-den-arbeitstag\\\/\"]}]},{\"@type\":\"ImageObject\",\"inLanguage\":\"de-CH\",\"@id\":\"https:\\\/\\\/www.treatwell.ch/treatment-files\\\/fit-und-wach-ins-home-office-so-startest-du-motiviert-in-den-arbeitstag\\\/#primaryimage\",\"url\":\"https:\\\/\\\/www.treatwell.ch/treatment-files\\\/wp-content\\\/uploads\\\/sites\\\/11\\\/2022\\\/03\\\/tina-witherspoon-ePu9rM_ud7g-unsplash.jpg\",\"contentUrl\":\"https:\\\/\\\/www.treatwell.ch/treatment-files\\\/wp-content\\\/uploads\\\/sites\\\/11\\\/2022\\\/03\\\/tina-witherspoon-ePu9rM_ud7g-unsplash.jpg\",\"width\":628,\"height\":628},{\"@type\":\"BreadcrumbList\",\"@id\":\"https:\\\/\\\/www.treatwell.ch/treatment-files\\\/fit-und-wach-ins-home-office-so-startest-du-motiviert-in-den-arbeitstag\\\/#breadcrumb\",\"itemListElement\":[{\"@type\":\"ListItem\",\"position\":1,\"name\":\"Home\",\"item\":\"https:\\\/\\\/www.treatwell.ch/treatment-files\\\/\"},{\"@type\":\"ListItem\",\"position\":2,\"name\":\"Beauty\",\"item\":\"https:\\\/\\\/www.treatwell.ch/treatment-files\\\/beauty\\\/\"},{\"@type\":\"ListItem\",\"position\":3,\"name\":\"Fit und wach ins Home Office: So startest du motiviert in den Arbeitstag\"}]},{\"@type\":\"WebSite\",\"@id\":\"https:\\\/\\\/www.treatwell.ch/treatment-files\\\/#website\",\"url\":\"https:\\\/\\\/www.treatwell.ch/treatment-files\\\/\",\"name\":\"The Treatment Files\",\"description\":\"Beauty entdecken. Beauty erleben.\",\"publisher\":{\"@id\":\"https:\\\/\\\/www.treatwell.ch/treatment-files\\\/#organization\"},\"potentialAction\":[{\"@type\":\"SearchAction\",\"target\":{\"@type\":\"EntryPoint\",\"urlTemplate\":\"https:\\\/\\\/www.treatwell.ch/treatment-files\\\/?s={search_term_string}\"},\"query-input\":{\"@type\":\"PropertyValueSpecification\",\"valueRequired\":true,\"valueName\":\"search_term_string\"}}],\"inLanguage\":\"de-CH\"},{\"@type\":\"Organization\",\"@id\":\"https:\\\/\\\/www.treatwell.ch/treatment-files\\\/#organization\",\"name\":\"Treatwell\",\"url\":\"https:\\\/\\\/www.treatwell.ch/treatment-files\\\/\",\"logo\":{\"@type\":\"ImageObject\",\"inLanguage\":\"de-CH\",\"@id\":\"https:\\\/\\\/www.treatwell.ch/treatment-files\\\/#\\\/schema\\\/logo\\\/image\\\/\",\"url\":\"https:\\\/\\\/www.treatwell.ch/treatment-files\\\/wp-content\\\/uploads\\\/sites\\\/11\\\/2022\\\/03\\\/logo_treatwell.png\",\"contentUrl\":\"https:\\\/\\\/www.treatwell.ch/treatment-files\\\/wp-content\\\/uploads\\\/sites\\\/11\\\/2022\\\/03\\\/logo_treatwell.png\",\"width\":889,\"height\":164,\"caption\":\"Treatwell\"},\"image\":{\"@id\":\"https:\\\/\\\/www.treatwell.ch/treatment-files\\\/#\\\/schema\\\/logo\\\/image\\\/\"}},{\"@type\":\"Person\",\"@id\":\"\",\"url\":\"https:\\\/\\\/www.treatwell.ch/treatment-files\\\/author\\\/\"}]}<\/script>\n<!-- \/ Yoast SEO plugin. -->","yoast_head_json":{"title":"Fit und wach ins Home Office: So startest du motiviert in den Arbeitstag | Treatwell","description":"Wir haben hier ein paar Tipps f\u00fcr dich zusammengestellt, wie du deinen Morgen nutzen kannst, um motiviert und produktiv ins Home Office zu starten.","robots":{"index":"index","follow":"follow","max-snippet":"max-snippet:-1","max-image-preview":"max-image-preview:large","max-video-preview":"max-video-preview:-1"},"canonical":"https:\/\/www.treatwell.ch/treatment-files\/fit-und-wach-ins-home-office-so-startest-du-motiviert-in-den-arbeitstag\/","og_locale":"de_DE","og_type":"article","og_title":"Fit und wach ins Home Office: So startest du motiviert in den Arbeitstag | Treatwell","og_description":"Wir haben hier ein paar Tipps f\u00fcr dich zusammengestellt, wie du deinen Morgen nutzen kannst, um motiviert und produktiv ins Home Office zu starten.","og_url":"https:\/\/www.treatwell.ch/treatment-files\/fit-und-wach-ins-home-office-so-startest-du-motiviert-in-den-arbeitstag\/","og_site_name":"The Treatment Files","article_published_time":"2020-11-05T07:00:46+00:00","og_image":[{"width":1200,"height":628,"url":"https:\/\/www.treatwell.ch/treatment-files\/wp-content\/uploads\/sites\/11\/2022\/03\/ava-sol-eUPiOhssg14-unsplash.jpg","type":"image\/jpeg"}],"twitter_card":"summary_large_image","twitter_misc":{"Geschrieben von":"","Gesch\u00e4tzte Lesezeit":"1 Minute"},"schema":{"@context":"https:\/\/schema.org","@graph":[{"@type":"Article","@id":"https:\/\/www.treatwell.ch/treatment-files\/fit-und-wach-ins-home-office-so-startest-du-motiviert-in-den-arbeitstag\/#article","isPartOf":{"@id":"https:\/\/www.treatwell.ch/treatment-files\/fit-und-wach-ins-home-office-so-startest-du-motiviert-in-den-arbeitstag\/"},"author":{"name":"","@id":""},"headline":"Fit und wach ins Home Office: So startest du motiviert in den Arbeitstag","datePublished":"2020-11-05T07:00:46+00:00","mainEntityOfPage":{"@id":"https:\/\/www.treatwell.ch/treatment-files\/fit-und-wach-ins-home-office-so-startest-du-motiviert-in-den-arbeitstag\/"},"wordCount":129,"publisher":{"@id":"https:\/\/www.treatwell.ch/treatment-files\/#organization"},"image":{"@id":"https:\/\/www.treatwell.ch/treatment-files\/fit-und-wach-ins-home-office-so-startest-du-motiviert-in-den-arbeitstag\/#primaryimage"},"thumbnailUrl":"https:\/\/www.treatwell.ch/treatment-files\/wp-content\/uploads\/sites\/11\/2022\/03\/tina-witherspoon-ePu9rM_ud7g-unsplash.jpg","keywords":["Facials"],"articleSection":["Beauty"],"inLanguage":"de-CH"},{"@type":"WebPage","@id":"https:\/\/www.treatwell.ch/treatment-files\/fit-und-wach-ins-home-office-so-startest-du-motiviert-in-den-arbeitstag\/","url":"https:\/\/www.treatwell.ch/treatment-files\/fit-und-wach-ins-home-office-so-startest-du-motiviert-in-den-arbeitstag\/","name":"Fit und wach ins Home Office: So startest du motiviert in den Arbeitstag | Treatwell","isPartOf":{"@id":"https:\/\/www.treatwell.ch/treatment-files\/#website"},"primaryImageOfPage":{"@id":"https:\/\/www.treatwell.ch/treatment-files\/fit-und-wach-ins-home-office-so-startest-du-motiviert-in-den-arbeitstag\/#primaryimage"},"image":{"@id":"https:\/\/www.treatwell.ch/treatment-files\/fit-und-wach-ins-home-office-so-startest-du-motiviert-in-den-arbeitstag\/#primaryimage"},"thumbnailUrl":"https:\/\/www.treatwell.ch/treatment-files\/wp-content\/uploads\/sites\/11\/2022\/03\/tina-witherspoon-ePu9rM_ud7g-unsplash.jpg","datePublished":"2020-11-05T07:00:46+00:00","description":"Wir haben hier ein paar Tipps f\u00fcr dich zusammengestellt, wie du deinen Morgen nutzen kannst, um motiviert und produktiv ins Home Office zu starten.","breadcrumb":{"@id":"https:\/\/www.treatwell.ch/treatment-files\/fit-und-wach-ins-home-office-so-startest-du-motiviert-in-den-arbeitstag\/#breadcrumb"},"inLanguage":"de-CH","potentialAction":[{"@type":"ReadAction","target":["https:\/\/www.treatwell.ch/treatment-files\/fit-und-wach-ins-home-office-so-startest-du-motiviert-in-den-arbeitstag\/"]}]},{"@type":"ImageObject","inLanguage":"de-CH","@id":"https:\/\/www.treatwell.ch/treatment-files\/fit-und-wach-ins-home-office-so-startest-du-motiviert-in-den-arbeitstag\/#primaryimage","url":"https:\/\/www.treatwell.ch/treatment-files\/wp-content\/uploads\/sites\/11\/2022\/03\/tina-witherspoon-ePu9rM_ud7g-unsplash.jpg","contentUrl":"https:\/\/www.treatwell.ch/treatment-files\/wp-content\/uploads\/sites\/11\/2022\/03\/tina-witherspoon-ePu9rM_ud7g-unsplash.jpg","width":628,"height":628},{"@type":"BreadcrumbList","@id":"https:\/\/www.treatwell.ch/treatment-files\/fit-und-wach-ins-home-office-so-startest-du-motiviert-in-den-arbeitstag\/#breadcrumb","itemListElement":[{"@type":"ListItem","position":1,"name":"Home","item":"https:\/\/www.treatwell.ch/treatment-files\/"},{"@type":"ListItem","position":2,"name":"Beauty","item":"https:\/\/www.treatwell.ch/treatment-files\/beauty\/"},{"@type":"ListItem","position":3,"name":"Fit und wach ins Home Office: So startest du motiviert in den Arbeitstag"}]},{"@type":"WebSite","@id":"https:\/\/www.treatwell.ch/treatment-files\/#website","url":"https:\/\/www.treatwell.ch/treatment-files\/","name":"The Treatment Files","description":"Beauty entdecken. Beauty erleben.","publisher":{"@id":"https:\/\/www.treatwell.ch/treatment-files\/#organization"},"potentialAction":[{"@type":"SearchAction","target":{"@type":"EntryPoint","urlTemplate":"https:\/\/www.treatwell.ch/treatment-files\/?s={search_term_string}"},"query-input":{"@type":"PropertyValueSpecification","valueRequired":true,"valueName":"search_term_string"}}],"inLanguage":"de-CH"},{"@type":"Organization","@id":"https:\/\/www.treatwell.ch/treatment-files\/#organization","name":"Treatwell","url":"https:\/\/www.treatwell.ch/treatment-files\/","logo":{"@type":"ImageObject","inLanguage":"de-CH","@id":"https:\/\/www.treatwell.ch/treatment-files\/#\/schema\/logo\/image\/","url":"https:\/\/www.treatwell.ch/treatment-files\/wp-content\/uploads\/sites\/11\/2022\/03\/logo_treatwell.png","contentUrl":"https:\/\/www.treatwell.ch/treatment-files\/wp-content\/uploads\/sites\/11\/2022\/03\/logo_treatwell.png","width":889,"height":164,"caption":"Treatwell"},"image":{"@id":"https:\/\/www.treatwell.ch/treatment-files\/#\/schema\/logo\/image\/"}},{"@type":"Person","@id":"","url":"https:\/\/www.treatwell.ch/treatment-files\/author\/"}]}},"featured_image_src":"https:\/\/www.treatwell.ch/treatment-files\/wp-content\/uploads\/sites\/11\/2022\/03\/tina-witherspoon-ePu9rM_ud7g-unsplash-600x400.jpg","featured_image_src_square":"https:\/\/www.treatwell.ch/treatment-files\/wp-content\/uploads\/sites\/11\/2022\/03\/tina-witherspoon-ePu9rM_ud7g-unsplash-600x600.jpg","author_info":{"display_name":"","author_link":"https:\/\/www.treatwell.ch/treatment-files\/author\/"},"_links":{"self":[{"href":"https:\/\/www.treatwell.ch\/treatment-files\/wp-json\/wp\/v2\/posts\/15892","targetHints":{"allow":["GET"]}}],"collection":[{"href":"https:\/\/www.treatwell.ch\/treatment-files\/wp-json\/wp\/v2\/posts"}],"about":[{"href":"https:\/\/www.treatwell.ch\/treatment-files\/wp-json\/wp\/v2\/types\/post"}],"author":[{"embeddable":true,"href":"https:\/\/www.treatwell.ch\/treatment-files\/wp-json\/wp\/v2\/users\/3350"}],"replies":[{"embeddable":true,"href":"https:\/\/www.treatwell.ch\/treatment-files\/wp-json\/wp\/v2\/comments?post=15892"}],"version-history":[{"count":0,"href":"https:\/\/www.treatwell.ch\/treatment-files\/wp-json\/wp\/v2\/posts\/15892\/revisions"}],"wp:featuredmedia":[{"embeddable":true,"href":"https:\/\/www.treatwell.ch\/treatment-files\/wp-json\/wp\/v2\/media\/15899"}],"wp:attachment":[{"href":"https:\/\/www.treatwell.ch\/treatment-files\/wp-json\/wp\/v2\/media?parent=15892"}],"wp:term":[{"taxonomy":"category","embeddable":true,"href":"https:\/\/www.treatwell.ch\/treatment-files\/wp-json\/wp\/v2\/categories?post=15892"},{"taxonomy":"post_tag","embeddable":true,"href":"https:\/\/www.treatwell.ch\/treatment-files\/wp-json\/wp\/v2\/tags?post=15892"}],"curies":[{"name":"wp","href":"https:\/\/api.w.org\/{rel}","templated":true}]}}