{"id":15911,"date":"2020-11-16T17:00:16","date_gmt":"2020-11-16T16:00:16","guid":{"rendered":"http:\/\/www.treatwell.ch\/treatment-files\/?p=19260"},"modified":"2020-11-16T17:00:16","modified_gmt":"2020-11-16T16:00:16","slug":"maskne-so-vermeidest-du-pickel-unter-der-maske","status":"publish","type":"post","link":"https:\/\/www.treatwell.ch/treatment-files\/maskne-so-vermeidest-du-pickel-unter-der-maske\/","title":{"rendered":"Maskne: So vermeidest du Pickel unter der Maske"},"content":{"rendered":"<p style=\"text-align: justify\"><span style=\"font-weight: 400\">Vermehrte Pickel auf Nase, Wangen und Kinn? Der Begriff \u201cMaskne\u201d ist eine Wortneusch\u00f6pfung aus \u201cMaske\u201d und \u201cAkne\u201d und beschreibt Hautunreinheiten, die durch das vermehrte Tragen einer Maske entstehen k\u00f6nnen. Grund daf\u00fcr ist einerseits die entstehende Reibung, die zu Hautirritationen f\u00fchren kann, andererseits aber auch die erh\u00f6hte Luftfeuchtigkeit unter der Maske, die <\/span><a href=\"https:\/\/www.treatwell.ch\/treatment-files\/welche-arten-von-akne-gibt-es-so-koennen-sie-behandelt-werden\/\"><span style=\"font-weight: 400\">verstopfte Poren<\/span><\/a><span style=\"font-weight: 400\"> zur Folge haben kann. Da wir mittlerweile wissen, wie wichtig es ist, einen Mund-Nasen-Schutz zu tragen, geben wir uns M\u00fche, unsere Haut trotz dieser zus\u00e4tzlichen Belastung zu unterst\u00fctzen. Hier sind 4 Tipps, wie du Maskne am besten vorbeugst und was du gegen auftretende Pickelchen tun kannst.<\/span><\/p>\n","protected":false},"excerpt":{"rendered":"<p>Vermehrte Pickel auf Nase, Wangen und Kinn? Der Begriff \u201cMaskne\u201d ist eine Wortneusch\u00f6pfung aus \u201cMaske\u201d und \u201cAkne\u201d und beschreibt Hautunreinheiten, die durch das vermehrte Tragen einer Maske entstehen k\u00f6nnen. Grund daf\u00fcr ist einerseits die entstehende Reibung, die zu Hautirritationen f\u00fchren kann, andererseits aber auch die erh\u00f6hte Luftfeuchtigkeit unter der Maske, die verstopfte Poren zur Folge [&hellip;]<\/p>\n","protected":false},"author":3350,"featured_media":15917,"comment_status":"closed","ping_status":"closed","sticky":false,"template":"","format":"standard","meta":{"_acf_changed":false,"_yoast_wpseo_title":"","_yoast_wpseo_metadesc":"Der Begriff \u201cMaskne\u201d ist eine Wortneusch\u00f6pfung aus \u201cMaske\u201d und \u201cAkne\u201d und beschreibt Hautunreinheiten, die durch das Tragen einer Maske entstehen k\u00f6nnen.","_genesis_hide_title":false,"_genesis_hide_breadcrumbs":false,"_genesis_hide_singular_image":false,"_genesis_hide_footer_widgets":false,"_genesis_custom_body_class":"","_genesis_custom_post_class":"","_genesis_layout":"","saswp_custom_schema_field":"","footnotes":""},"categories":[9],"tags":[7,8,70],"class_list":{"0":"post-15911","1":"post","2":"type-post","3":"status-publish","4":"format-standard","5":"has-post-thumbnail","7":"category-beauty","8":"tag-tt4","9":"tag-tr50","10":"tag-tr382","11":"entry"},"acf":{"post_credits":"Bildrechte: Shutterstock, Devon Divine\/Unsplash, Toa Heftiba\/Unsplash, Jasmin Chew\/Unsplash, The Creative Exchange\/Unsplash","beauty_blog_post_button_title":"","beauty_blog_post_button":"","landscape_picture":15916,"blocks":[{"block_title":"Frisch und sauber","block_content":"<p>Das Allerwichtigste ist, immer frische und saubere Masken zu tragen. Wenn auch du der Umwelt zuliebe wiederverwendbare Baumwoll-Masken tr&auml;gst, dann achte darauf, sie regelm&auml;ssig mit mildem Waschmittel zu waschen. So k&ouml;nnen sich keine Bakterien ansammeln, die deine Haut dann verunreinigen.&nbsp;<\/p>\n","video_content":"","block_picture":15912},{"block_title":"Waschen und pflegen","block_content":"<p>Eine konsequente Skincare-Routine ist das A und O, wenn es um <a href=\"https:\/\/www.treatwell.ch\/treatment-files\/warum-ein-starkes-immunsystem-die-voraussetzung-fuer-strahlende-haut-ist\/\">gesunde, reine Haut<\/a> geht. Wasche dein Gesicht zweimal t&auml;glich mit einer milden Reinigungslotion oder einem Gesichtswasser und sorge f&uuml;r eine ausreichende Feuchtigkeitspflege. Nach einem Tag unter der Maske spannt deine Haut vielleicht etwas &ndash; gerade dann solltest du nicht auf feuchtigkeitsspendende Produkte verzichten.<\/p>\n","video_content":"","block_picture":15913},{"block_title":"Make-up-free","block_content":"<p>Nat&uuml;rlich kannst und sollst du so viel Make-up tragen, wie du m&ouml;chtest. Da es unter der Maske aber ohnehin nicht so gut h&auml;lt und nach ein paar Stunden die H&auml;lfte sowieso in der Maske klebt, raten wir dir, nur <a href=\"https:\/\/www.treatwell.ch\/treatment-files\/was-ist-micro-concealing\/\">minimales Make-up<\/a> aufzutragen und nasse Produkte eher zu vermeiden, da sie zur Bakterienbildung beitragen k&ouml;nnen.<\/p>\n","video_content":"","block_picture":15914},{"block_title":"Anti-Pickel-Patches","block_content":"<p>F&uuml;r den Fall, dass bereits Pickel entstanden sind, kannst du mit Anti-Pickel-Patches dagegen ank&auml;mpfen. Die darin enthaltenen Inhaltsstoffe wirken nicht nur entz&uuml;ndungshemmend und helfen bei der raschen Heilung, sondern hindern dich auch daran, <a href=\"https:\/\/www.treatwell.ch\/treatment-files\/pickel-guide-so-entfernst-du-hautunreinheiten-richtig\/\">am Pickel herumdr&uuml;cken<\/a> und alles noch viel schlimmer zu machen. Und wenn du sowieso eine Maske tr&auml;gst, sieht man den Patch auch gar nicht.<\/p>\n\n<p><strong>Eine Anmerkung von uns: In dieser unsicheren Zeit wollen wir weiterhin Inhalte schaffen, die du liebst &ndash; sei es zur Ablenkung, zur Inspiration oder um dir (hoffentlich) eine kleine Anleitung zum Wohlbefinden zu geben. Wenn es etwas gibt, das du gerne sehen (oder nicht sehen) m&ouml;chtest, kontaktiere uns doch bitte &uuml;ber Instagram <a href=\"https:\/\/www.instagram.com\/treatwell_dach\/\">@treatwell_dach<\/a>. Bleib gesund und sicher!<\/strong><\/p>\n","video_content":"","block_picture":15915}]},"yoast_head":"<!-- This site is optimized with the Yoast SEO plugin v27.4 - https:\/\/yoast.com\/product\/yoast-seo-wordpress\/ -->\n<title>Maskne: So vermeidest du Pickel unter der Maske | Treatwell<\/title>\n<meta name=\"description\" content=\"Der Begriff \u201cMaskne\u201d ist eine Wortneusch\u00f6pfung aus \u201cMaske\u201d und \u201cAkne\u201d und beschreibt Hautunreinheiten, die durch das Tragen einer Maske entstehen k\u00f6nnen.\" \/>\n<meta name=\"robots\" content=\"index, follow, max-snippet:-1, max-image-preview:large, max-video-preview:-1\" \/>\n<link rel=\"canonical\" href=\"https:\/\/www.treatwell.ch/treatment-files\/maskne-so-vermeidest-du-pickel-unter-der-maske\/\" \/>\n<meta property=\"og:locale\" content=\"de_DE\" \/>\n<meta property=\"og:type\" content=\"article\" \/>\n<meta property=\"og:title\" content=\"Maskne: So vermeidest du Pickel unter der Maske | Treatwell\" \/>\n<meta property=\"og:description\" content=\"Der Begriff \u201cMaskne\u201d ist eine Wortneusch\u00f6pfung aus \u201cMaske\u201d und \u201cAkne\u201d und beschreibt Hautunreinheiten, die durch das Tragen einer Maske entstehen k\u00f6nnen.\" \/>\n<meta property=\"og:url\" content=\"https:\/\/www.treatwell.ch/treatment-files\/maskne-so-vermeidest-du-pickel-unter-der-maske\/\" \/>\n<meta property=\"og:site_name\" content=\"The Treatment Files\" \/>\n<meta property=\"article:published_time\" content=\"2020-11-16T16:00:16+00:00\" \/>\n<meta property=\"og:image\" content=\"https:\/\/www.treatwell.ch/treatment-files\/wp-content\/uploads\/sites\/11\/2022\/03\/Maskne_HERO.jpg\" \/>\n\t<meta property=\"og:image:width\" content=\"1200\" \/>\n\t<meta property=\"og:image:height\" content=\"628\" \/>\n\t<meta property=\"og:image:type\" content=\"image\/jpeg\" \/>\n<meta name=\"twitter:card\" content=\"summary_large_image\" \/>\n<meta name=\"twitter:label1\" content=\"Geschrieben von\" \/>\n\t<meta name=\"twitter:data1\" content=\"\" \/>\n\t<meta name=\"twitter:label2\" content=\"Gesch\u00e4tzte Lesezeit\" \/>\n\t<meta name=\"twitter:data2\" content=\"1 Minute\" \/>\n<script type=\"application\/ld+json\" class=\"yoast-schema-graph\">{\"@context\":\"https:\\\/\\\/schema.org\",\"@graph\":[{\"@type\":\"Article\",\"@id\":\"https:\\\/\\\/www.treatwell.ch/treatment-files\\\/maskne-so-vermeidest-du-pickel-unter-der-maske\\\/#article\",\"isPartOf\":{\"@id\":\"https:\\\/\\\/www.treatwell.ch/treatment-files\\\/maskne-so-vermeidest-du-pickel-unter-der-maske\\\/\"},\"author\":{\"name\":\"\",\"@id\":\"\"},\"headline\":\"Maskne: So vermeidest du Pickel unter der Maske\",\"datePublished\":\"2020-11-16T16:00:16+00:00\",\"mainEntityOfPage\":{\"@id\":\"https:\\\/\\\/www.treatwell.ch/treatment-files\\\/maskne-so-vermeidest-du-pickel-unter-der-maske\\\/\"},\"wordCount\":114,\"publisher\":{\"@id\":\"https:\\\/\\\/www.treatwell.ch/treatment-files\\\/#organization\"},\"image\":{\"@id\":\"https:\\\/\\\/www.treatwell.ch/treatment-files\\\/maskne-so-vermeidest-du-pickel-unter-der-maske\\\/#primaryimage\"},\"thumbnailUrl\":\"https:\\\/\\\/www.treatwell.ch/treatment-files\\\/wp-content\\\/uploads\\\/sites\\\/11\\\/2022\\\/03\\\/Maskne_FEATURED.jpg\",\"keywords\":[\"Face\",\"Facials\",\"Skincare Consultation\"],\"articleSection\":[\"Beauty\"],\"inLanguage\":\"de-CH\"},{\"@type\":\"WebPage\",\"@id\":\"https:\\\/\\\/www.treatwell.ch/treatment-files\\\/maskne-so-vermeidest-du-pickel-unter-der-maske\\\/\",\"url\":\"https:\\\/\\\/www.treatwell.ch/treatment-files\\\/maskne-so-vermeidest-du-pickel-unter-der-maske\\\/\",\"name\":\"Maskne: So vermeidest du Pickel unter der Maske | Treatwell\",\"isPartOf\":{\"@id\":\"https:\\\/\\\/www.treatwell.ch/treatment-files\\\/#website\"},\"primaryImageOfPage\":{\"@id\":\"https:\\\/\\\/www.treatwell.ch/treatment-files\\\/maskne-so-vermeidest-du-pickel-unter-der-maske\\\/#primaryimage\"},\"image\":{\"@id\":\"https:\\\/\\\/www.treatwell.ch/treatment-files\\\/maskne-so-vermeidest-du-pickel-unter-der-maske\\\/#primaryimage\"},\"thumbnailUrl\":\"https:\\\/\\\/www.treatwell.ch/treatment-files\\\/wp-content\\\/uploads\\\/sites\\\/11\\\/2022\\\/03\\\/Maskne_FEATURED.jpg\",\"datePublished\":\"2020-11-16T16:00:16+00:00\",\"description\":\"Der Begriff \u201cMaskne\u201d ist eine Wortneusch\u00f6pfung aus \u201cMaske\u201d und \u201cAkne\u201d und beschreibt Hautunreinheiten, die durch das Tragen einer Maske entstehen k\u00f6nnen.\",\"breadcrumb\":{\"@id\":\"https:\\\/\\\/www.treatwell.ch/treatment-files\\\/maskne-so-vermeidest-du-pickel-unter-der-maske\\\/#breadcrumb\"},\"inLanguage\":\"de-CH\",\"potentialAction\":[{\"@type\":\"ReadAction\",\"target\":[\"https:\\\/\\\/www.treatwell.ch/treatment-files\\\/maskne-so-vermeidest-du-pickel-unter-der-maske\\\/\"]}]},{\"@type\":\"ImageObject\",\"inLanguage\":\"de-CH\",\"@id\":\"https:\\\/\\\/www.treatwell.ch/treatment-files\\\/maskne-so-vermeidest-du-pickel-unter-der-maske\\\/#primaryimage\",\"url\":\"https:\\\/\\\/www.treatwell.ch/treatment-files\\\/wp-content\\\/uploads\\\/sites\\\/11\\\/2022\\\/03\\\/Maskne_FEATURED.jpg\",\"contentUrl\":\"https:\\\/\\\/www.treatwell.ch/treatment-files\\\/wp-content\\\/uploads\\\/sites\\\/11\\\/2022\\\/03\\\/Maskne_FEATURED.jpg\",\"width\":628,\"height\":628},{\"@type\":\"BreadcrumbList\",\"@id\":\"https:\\\/\\\/www.treatwell.ch/treatment-files\\\/maskne-so-vermeidest-du-pickel-unter-der-maske\\\/#breadcrumb\",\"itemListElement\":[{\"@type\":\"ListItem\",\"position\":1,\"name\":\"Home\",\"item\":\"https:\\\/\\\/www.treatwell.ch/treatment-files\\\/\"},{\"@type\":\"ListItem\",\"position\":2,\"name\":\"Beauty\",\"item\":\"https:\\\/\\\/www.treatwell.ch/treatment-files\\\/beauty\\\/\"},{\"@type\":\"ListItem\",\"position\":3,\"name\":\"Maskne: So vermeidest du Pickel unter der Maske\"}]},{\"@type\":\"WebSite\",\"@id\":\"https:\\\/\\\/www.treatwell.ch/treatment-files\\\/#website\",\"url\":\"https:\\\/\\\/www.treatwell.ch/treatment-files\\\/\",\"name\":\"The Treatment Files\",\"description\":\"Beauty entdecken. Beauty erleben.\",\"publisher\":{\"@id\":\"https:\\\/\\\/www.treatwell.ch/treatment-files\\\/#organization\"},\"potentialAction\":[{\"@type\":\"SearchAction\",\"target\":{\"@type\":\"EntryPoint\",\"urlTemplate\":\"https:\\\/\\\/www.treatwell.ch/treatment-files\\\/?s={search_term_string}\"},\"query-input\":{\"@type\":\"PropertyValueSpecification\",\"valueRequired\":true,\"valueName\":\"search_term_string\"}}],\"inLanguage\":\"de-CH\"},{\"@type\":\"Organization\",\"@id\":\"https:\\\/\\\/www.treatwell.ch/treatment-files\\\/#organization\",\"name\":\"Treatwell\",\"url\":\"https:\\\/\\\/www.treatwell.ch/treatment-files\\\/\",\"logo\":{\"@type\":\"ImageObject\",\"inLanguage\":\"de-CH\",\"@id\":\"https:\\\/\\\/www.treatwell.ch/treatment-files\\\/#\\\/schema\\\/logo\\\/image\\\/\",\"url\":\"https:\\\/\\\/www.treatwell.ch/treatment-files\\\/wp-content\\\/uploads\\\/sites\\\/11\\\/2022\\\/03\\\/logo_treatwell.png\",\"contentUrl\":\"https:\\\/\\\/www.treatwell.ch/treatment-files\\\/wp-content\\\/uploads\\\/sites\\\/11\\\/2022\\\/03\\\/logo_treatwell.png\",\"width\":889,\"height\":164,\"caption\":\"Treatwell\"},\"image\":{\"@id\":\"https:\\\/\\\/www.treatwell.ch/treatment-files\\\/#\\\/schema\\\/logo\\\/image\\\/\"}},{\"@type\":\"Person\",\"@id\":\"\",\"url\":\"https:\\\/\\\/www.treatwell.ch/treatment-files\\\/author\\\/\"}]}<\/script>\n<!-- \/ Yoast SEO plugin. -->","yoast_head_json":{"title":"Maskne: So vermeidest du Pickel unter der Maske | Treatwell","description":"Der Begriff \u201cMaskne\u201d ist eine Wortneusch\u00f6pfung aus \u201cMaske\u201d und \u201cAkne\u201d und beschreibt Hautunreinheiten, die durch das Tragen einer Maske entstehen k\u00f6nnen.","robots":{"index":"index","follow":"follow","max-snippet":"max-snippet:-1","max-image-preview":"max-image-preview:large","max-video-preview":"max-video-preview:-1"},"canonical":"https:\/\/www.treatwell.ch/treatment-files\/maskne-so-vermeidest-du-pickel-unter-der-maske\/","og_locale":"de_DE","og_type":"article","og_title":"Maskne: So vermeidest du Pickel unter der Maske | Treatwell","og_description":"Der Begriff \u201cMaskne\u201d ist eine Wortneusch\u00f6pfung aus \u201cMaske\u201d und \u201cAkne\u201d und beschreibt Hautunreinheiten, die durch das Tragen einer Maske entstehen k\u00f6nnen.","og_url":"https:\/\/www.treatwell.ch/treatment-files\/maskne-so-vermeidest-du-pickel-unter-der-maske\/","og_site_name":"The Treatment Files","article_published_time":"2020-11-16T16:00:16+00:00","og_image":[{"width":1200,"height":628,"url":"https:\/\/www.treatwell.ch/treatment-files\/wp-content\/uploads\/sites\/11\/2022\/03\/Maskne_HERO.jpg","type":"image\/jpeg"}],"twitter_card":"summary_large_image","twitter_misc":{"Geschrieben von":"","Gesch\u00e4tzte Lesezeit":"1 Minute"},"schema":{"@context":"https:\/\/schema.org","@graph":[{"@type":"Article","@id":"https:\/\/www.treatwell.ch/treatment-files\/maskne-so-vermeidest-du-pickel-unter-der-maske\/#article","isPartOf":{"@id":"https:\/\/www.treatwell.ch/treatment-files\/maskne-so-vermeidest-du-pickel-unter-der-maske\/"},"author":{"name":"","@id":""},"headline":"Maskne: So vermeidest du Pickel unter der Maske","datePublished":"2020-11-16T16:00:16+00:00","mainEntityOfPage":{"@id":"https:\/\/www.treatwell.ch/treatment-files\/maskne-so-vermeidest-du-pickel-unter-der-maske\/"},"wordCount":114,"publisher":{"@id":"https:\/\/www.treatwell.ch/treatment-files\/#organization"},"image":{"@id":"https:\/\/www.treatwell.ch/treatment-files\/maskne-so-vermeidest-du-pickel-unter-der-maske\/#primaryimage"},"thumbnailUrl":"https:\/\/www.treatwell.ch/treatment-files\/wp-content\/uploads\/sites\/11\/2022\/03\/Maskne_FEATURED.jpg","keywords":["Face","Facials","Skincare Consultation"],"articleSection":["Beauty"],"inLanguage":"de-CH"},{"@type":"WebPage","@id":"https:\/\/www.treatwell.ch/treatment-files\/maskne-so-vermeidest-du-pickel-unter-der-maske\/","url":"https:\/\/www.treatwell.ch/treatment-files\/maskne-so-vermeidest-du-pickel-unter-der-maske\/","name":"Maskne: So vermeidest du Pickel unter der Maske | Treatwell","isPartOf":{"@id":"https:\/\/www.treatwell.ch/treatment-files\/#website"},"primaryImageOfPage":{"@id":"https:\/\/www.treatwell.ch/treatment-files\/maskne-so-vermeidest-du-pickel-unter-der-maske\/#primaryimage"},"image":{"@id":"https:\/\/www.treatwell.ch/treatment-files\/maskne-so-vermeidest-du-pickel-unter-der-maske\/#primaryimage"},"thumbnailUrl":"https:\/\/www.treatwell.ch/treatment-files\/wp-content\/uploads\/sites\/11\/2022\/03\/Maskne_FEATURED.jpg","datePublished":"2020-11-16T16:00:16+00:00","description":"Der Begriff \u201cMaskne\u201d ist eine Wortneusch\u00f6pfung aus \u201cMaske\u201d und \u201cAkne\u201d und beschreibt Hautunreinheiten, die durch das Tragen einer Maske entstehen k\u00f6nnen.","breadcrumb":{"@id":"https:\/\/www.treatwell.ch/treatment-files\/maskne-so-vermeidest-du-pickel-unter-der-maske\/#breadcrumb"},"inLanguage":"de-CH","potentialAction":[{"@type":"ReadAction","target":["https:\/\/www.treatwell.ch/treatment-files\/maskne-so-vermeidest-du-pickel-unter-der-maske\/"]}]},{"@type":"ImageObject","inLanguage":"de-CH","@id":"https:\/\/www.treatwell.ch/treatment-files\/maskne-so-vermeidest-du-pickel-unter-der-maske\/#primaryimage","url":"https:\/\/www.treatwell.ch/treatment-files\/wp-content\/uploads\/sites\/11\/2022\/03\/Maskne_FEATURED.jpg","contentUrl":"https:\/\/www.treatwell.ch/treatment-files\/wp-content\/uploads\/sites\/11\/2022\/03\/Maskne_FEATURED.jpg","width":628,"height":628},{"@type":"BreadcrumbList","@id":"https:\/\/www.treatwell.ch/treatment-files\/maskne-so-vermeidest-du-pickel-unter-der-maske\/#breadcrumb","itemListElement":[{"@type":"ListItem","position":1,"name":"Home","item":"https:\/\/www.treatwell.ch/treatment-files\/"},{"@type":"ListItem","position":2,"name":"Beauty","item":"https:\/\/www.treatwell.ch/treatment-files\/beauty\/"},{"@type":"ListItem","position":3,"name":"Maskne: So vermeidest du Pickel unter der Maske"}]},{"@type":"WebSite","@id":"https:\/\/www.treatwell.ch/treatment-files\/#website","url":"https:\/\/www.treatwell.ch/treatment-files\/","name":"The Treatment Files","description":"Beauty entdecken. Beauty erleben.","publisher":{"@id":"https:\/\/www.treatwell.ch/treatment-files\/#organization"},"potentialAction":[{"@type":"SearchAction","target":{"@type":"EntryPoint","urlTemplate":"https:\/\/www.treatwell.ch/treatment-files\/?s={search_term_string}"},"query-input":{"@type":"PropertyValueSpecification","valueRequired":true,"valueName":"search_term_string"}}],"inLanguage":"de-CH"},{"@type":"Organization","@id":"https:\/\/www.treatwell.ch/treatment-files\/#organization","name":"Treatwell","url":"https:\/\/www.treatwell.ch/treatment-files\/","logo":{"@type":"ImageObject","inLanguage":"de-CH","@id":"https:\/\/www.treatwell.ch/treatment-files\/#\/schema\/logo\/image\/","url":"https:\/\/www.treatwell.ch/treatment-files\/wp-content\/uploads\/sites\/11\/2022\/03\/logo_treatwell.png","contentUrl":"https:\/\/www.treatwell.ch/treatment-files\/wp-content\/uploads\/sites\/11\/2022\/03\/logo_treatwell.png","width":889,"height":164,"caption":"Treatwell"},"image":{"@id":"https:\/\/www.treatwell.ch/treatment-files\/#\/schema\/logo\/image\/"}},{"@type":"Person","@id":"","url":"https:\/\/www.treatwell.ch/treatment-files\/author\/"}]}},"featured_image_src":"https:\/\/www.treatwell.ch/treatment-files\/wp-content\/uploads\/sites\/11\/2022\/03\/Maskne_FEATURED-600x400.jpg","featured_image_src_square":"https:\/\/www.treatwell.ch/treatment-files\/wp-content\/uploads\/sites\/11\/2022\/03\/Maskne_FEATURED-600x600.jpg","author_info":{"display_name":"","author_link":"https:\/\/www.treatwell.ch/treatment-files\/author\/"},"_links":{"self":[{"href":"https:\/\/www.treatwell.ch\/treatment-files\/wp-json\/wp\/v2\/posts\/15911","targetHints":{"allow":["GET"]}}],"collection":[{"href":"https:\/\/www.treatwell.ch\/treatment-files\/wp-json\/wp\/v2\/posts"}],"about":[{"href":"https:\/\/www.treatwell.ch\/treatment-files\/wp-json\/wp\/v2\/types\/post"}],"author":[{"embeddable":true,"href":"https:\/\/www.treatwell.ch\/treatment-files\/wp-json\/wp\/v2\/users\/3350"}],"replies":[{"embeddable":true,"href":"https:\/\/www.treatwell.ch\/treatment-files\/wp-json\/wp\/v2\/comments?post=15911"}],"version-history":[{"count":0,"href":"https:\/\/www.treatwell.ch\/treatment-files\/wp-json\/wp\/v2\/posts\/15911\/revisions"}],"wp:featuredmedia":[{"embeddable":true,"href":"https:\/\/www.treatwell.ch\/treatment-files\/wp-json\/wp\/v2\/media\/15917"}],"wp:attachment":[{"href":"https:\/\/www.treatwell.ch\/treatment-files\/wp-json\/wp\/v2\/media?parent=15911"}],"wp:term":[{"taxonomy":"category","embeddable":true,"href":"https:\/\/www.treatwell.ch\/treatment-files\/wp-json\/wp\/v2\/categories?post=15911"},{"taxonomy":"post_tag","embeddable":true,"href":"https:\/\/www.treatwell.ch\/treatment-files\/wp-json\/wp\/v2\/tags?post=15911"}],"curies":[{"name":"wp","href":"https:\/\/api.w.org\/{rel}","templated":true}]}}