{"id":15972,"date":"2021-01-05T10:59:13","date_gmt":"2021-01-05T09:59:13","guid":{"rendered":"http:\/\/www.treatwell.ch\/treatment-files\/?p=19456"},"modified":"2021-01-05T10:59:13","modified_gmt":"2021-01-05T09:59:13","slug":"extrem-oder-dezent-das-sind-die-make-up-trends-fuer-2021","status":"publish","type":"post","link":"https:\/\/www.treatwell.ch/treatment-files\/extrem-oder-dezent-das-sind-die-make-up-trends-fuer-2021\/","title":{"rendered":"Extrem oder dezent: Das sind die Make-up-Trends f\u00fcr 2021"},"content":{"rendered":"<p style=\"text-align: justify\"><span style=\"font-weight: 400\">Oft werden Trends der darauffolgenden Jahre auf den Runways der Top-Designer gesetzt \u2013 so auch im letzten Jahr. Die <\/span><a href=\"https:\/\/www.treatwell.ch\/treatment-files\/trendfrisuren-vom-laufsteg\/\"><span style=\"font-weight: 400\">Fashion Week<\/span><\/a><span style=\"font-weight: 400\"> hatte 5 essenzielle Make-up-Trends f\u00fcr uns im Gep\u00e4ck: von Extravaganz \u00fcber Allrounder bis hin zur Einfachheit. Und genau deshalb ist es im Jahr 2021 vollkommen irrelevant, ob du ausgefallene Looks liebst und ein H\u00e4ndchen f\u00fcr Pinsel und Co. hast oder dir das Schminken so gar nicht liegt.<\/span><\/p>\n<p style=\"text-align: justify\"><span style=\"font-weight: 400\">Von Maja Dieckhoff<\/span><\/p>\n","protected":false},"excerpt":{"rendered":"<p>Oft werden Trends der darauffolgenden Jahre auf den Runways der Top-Designer gesetzt \u2013 so auch im letzten Jahr. Die Fashion Week hatte 5 essenzielle Make-up-Trends f\u00fcr uns im Gep\u00e4ck: von Extravaganz \u00fcber Allrounder bis hin zur Einfachheit. Und genau deshalb ist es im Jahr 2021 vollkommen irrelevant, ob du ausgefallene Looks liebst und ein H\u00e4ndchen [&hellip;]<\/p>\n","protected":false},"author":3319,"featured_media":15979,"comment_status":"closed","ping_status":"closed","sticky":false,"template":"","format":"standard","meta":{"_acf_changed":false,"_yoast_wpseo_title":"","_yoast_wpseo_metadesc":"Die Fashion Week hatte 5 essenzielle Make-up-Trends f\u00fcr uns im Gep\u00e4ck: von Extravaganz bis hin zur Einfachheit. Das sind die sch\u00f6nsten Looks f\u00fcr 2021.","_genesis_hide_title":false,"_genesis_hide_breadcrumbs":false,"_genesis_hide_singular_image":false,"_genesis_hide_footer_widgets":false,"_genesis_custom_body_class":"","_genesis_custom_post_class":"","_genesis_layout":"","saswp_custom_schema_field":"","footnotes":""},"categories":[9],"tags":[42,43],"class_list":{"0":"post-15972","1":"post","2":"type-post","3":"status-publish","4":"format-standard","5":"has-post-thumbnail","7":"category-beauty","8":"tag-tr212","9":"tag-vt53","10":"entry"},"acf":{"post_credits":"Bildrechte: Shutterstock","beauty_blog_post_button_title":"","beauty_blog_post_button":"","landscape_picture":15978,"blocks":[{"block_title":"Rote Lippen","block_content":"<p>Alle Jahre wieder ein echter Klassiker. Ob matt, schimmernd, burgundy, hellrot oder pink: Das Tragen eines Mund-Nasen-Schutzes bedeutet nicht zwangsl&auml;ufig das Ende von auff&auml;lligem Lippenstift. Denn wenn uns eines 2020 bewusster geworden ist, dann, dass das Herausputzen f&uuml;r andere Bl&ouml;dsinn ist &ndash; mach&rsquo;s f&uuml;r dich!&nbsp;<br \/>\nKombiniert werden die auff&auml;lligen roten Lippen mit einem sehr dezenten oder keinem Augen-Make-up. So spricht dein Mund f&uuml;r sich.<\/p>\n","video_content":"","block_picture":15973},{"block_title":"Dewy Glow","block_content":"<p>Ultra deckendes Make-up mit mattem Finish? Nicht in diesem Jahr. Wenn es um den Teint geht, bleiben wir 2021 ganz nat&uuml;rlich. Denn wir wollen nur eins: <a href=\"https:\/\/www.treatwell.ch\/treatment-files\/warum-ein-starkes-immunsystem-die-voraussetzung-fuer-strahlende-haut-ist\/\">einen gesunden Glow<\/a>. Die Basis f&uuml;r den Dewy-Glow-Look ist eine gute, tiefenwirksame Feuchtigkeitspflege. Wenn du Unebenheiten kaschieren willst, kannst du zu einer BB-Creme greifen, die die Nat&uuml;rlichkeit deiner Haut nicht &uuml;berdeckt. Ein intensiver Highlighter rundet den Look ab. Und ganz wichtig: Finger weg von mattierendem Puder.&nbsp;<\/p>\n","video_content":"","block_picture":15974},{"block_title":"Smokey Eyes","block_content":"<p>F&uuml;r diesen Look arbeitest du am Besten mit wirklich tiefschwarzen Produkten. Die Augen werden mit einem Kajal, Eyeliner und\/oder Lidschatten an beiden Enden spitz zulaufend umrandet, sodass ausdrucksstarke Cat Eyes entstehen. Ganz sch&ouml;n d&uuml;ster? Das starke Betonen der Augen wurde beim st&auml;ndigen Tragen einer Maske zum Trend. So bekommt der Ausdruck &ldquo;over-the-top&rdquo; eine ganze neue Bedeutung.<\/p>\n","video_content":"","block_picture":15975},{"block_title":"Farbiger Eyeliner","block_content":"<p>Apropos over-the-top: Ein farbiger und auff&auml;lliger Eyeliner liegt dieses Jahr voll im Trend. Die viele Zeit, die wir zu Hause verbracht haben, war perfekt f&uuml;r experimentelle Make-up-Looks. Der farbige Eyeliner, vor allem am Augeninnenwinkel, erweckt in uns Indie- und Festival-Vibes. Besonders im Fr&uuml;hling und Sommer greifen wir sp&auml;testens wieder besonders gern zu knalligen, leuchtenden Farben.&nbsp;<br \/>\n<em>Tipp<\/em>: Der farbige Eyeliner passt perfekt zum Dewy Glow!&nbsp;<\/p>\n","video_content":"","block_picture":15976},{"block_title":"Der No-Make-up-Look","block_content":"<p>2020 stand pl&ouml;tzlich ganz selbstverst&auml;ndlich im Zeichen von Nat&uuml;rlichkeit und &ldquo;less is more&rdquo;. Aus dem t&auml;glichen Make-up f&uuml;r&rsquo;s B&uuml;ro wurde die <a href=\"https:\/\/www.treatwell.ch\/treatment-files\/frisch-und-strahlend-deine-schnelle-make-up-routine-im-home-office\/\">minimalistische Routine f&uuml;r Zoom-Calls<\/a>. Und diesen Ansatz nehmen wir doch gerne mit ins neue Jahr, oder? Beim No-Make-up-Look werden meist nur die L&uuml;cken in den Augenbrauen aufgef&uuml;llt, kleine Unebenheiten mit einem Concealer kaschiert und abschliessend eine feuchtigkeitsspendende Lippenpflege aufgetragen.&nbsp;<\/p>\n","video_content":"","block_picture":15977}]},"yoast_head":"<!-- This site is optimized with the Yoast SEO plugin v27.5 - https:\/\/yoast.com\/product\/yoast-seo-wordpress\/ -->\n<title>Extrem oder dezent: Das sind die Make-up-Trends f\u00fcr 2021 | Treatwell<\/title>\n<meta name=\"description\" content=\"Die Fashion Week hatte 5 essenzielle Make-up-Trends f\u00fcr uns im Gep\u00e4ck: von Extravaganz bis hin zur Einfachheit. Das sind die sch\u00f6nsten Looks f\u00fcr 2021.\" \/>\n<meta name=\"robots\" content=\"index, follow, max-snippet:-1, max-image-preview:large, max-video-preview:-1\" \/>\n<link rel=\"canonical\" href=\"https:\/\/www.treatwell.ch/treatment-files\/extrem-oder-dezent-das-sind-die-make-up-trends-fuer-2021\/\" \/>\n<meta property=\"og:locale\" content=\"de_DE\" \/>\n<meta property=\"og:type\" content=\"article\" \/>\n<meta property=\"og:title\" content=\"Extrem oder dezent: Das sind die Make-up-Trends f\u00fcr 2021 | Treatwell\" \/>\n<meta property=\"og:description\" content=\"Die Fashion Week hatte 5 essenzielle Make-up-Trends f\u00fcr uns im Gep\u00e4ck: von Extravaganz bis hin zur Einfachheit. Das sind die sch\u00f6nsten Looks f\u00fcr 2021.\" \/>\n<meta property=\"og:url\" content=\"https:\/\/www.treatwell.ch/treatment-files\/extrem-oder-dezent-das-sind-die-make-up-trends-fuer-2021\/\" \/>\n<meta property=\"og:site_name\" content=\"The Treatment Files\" \/>\n<meta property=\"article:published_time\" content=\"2021-01-05T09:59:13+00:00\" \/>\n<meta property=\"og:image\" content=\"https:\/\/www.treatwell.ch/treatment-files\/wp-content\/uploads\/sites\/11\/2022\/03\/Make-up-2021_HERO.jpg\" \/>\n\t<meta property=\"og:image:width\" content=\"1200\" \/>\n\t<meta property=\"og:image:height\" content=\"628\" \/>\n\t<meta property=\"og:image:type\" content=\"image\/jpeg\" \/>\n<meta name=\"twitter:card\" content=\"summary_large_image\" \/>\n<meta name=\"twitter:label1\" content=\"Geschrieben von\" \/>\n\t<meta name=\"twitter:data1\" content=\"\" \/>\n<script type=\"application\/ld+json\" class=\"yoast-schema-graph\">{\"@context\":\"https:\\\/\\\/schema.org\",\"@graph\":[{\"@type\":\"Article\",\"@id\":\"https:\\\/\\\/www.treatwell.ch/treatment-files\\\/extrem-oder-dezent-das-sind-die-make-up-trends-fuer-2021\\\/#article\",\"isPartOf\":{\"@id\":\"https:\\\/\\\/www.treatwell.ch/treatment-files\\\/extrem-oder-dezent-das-sind-die-make-up-trends-fuer-2021\\\/\"},\"author\":{\"name\":\"\",\"@id\":\"\"},\"headline\":\"Extrem oder dezent: Das sind die Make-up-Trends f\u00fcr 2021\",\"datePublished\":\"2021-01-05T09:59:13+00:00\",\"mainEntityOfPage\":{\"@id\":\"https:\\\/\\\/www.treatwell.ch/treatment-files\\\/extrem-oder-dezent-das-sind-die-make-up-trends-fuer-2021\\\/\"},\"wordCount\":81,\"publisher\":{\"@id\":\"https:\\\/\\\/www.treatwell.ch/treatment-files\\\/#organization\"},\"image\":{\"@id\":\"https:\\\/\\\/www.treatwell.ch/treatment-files\\\/extrem-oder-dezent-das-sind-die-make-up-trends-fuer-2021\\\/#primaryimage\"},\"thumbnailUrl\":\"https:\\\/\\\/www.treatwell.ch/treatment-files\\\/wp-content\\\/uploads\\\/sites\\\/11\\\/2022\\\/03\\\/Shutterstock_FEATURED.jpg\",\"keywords\":[\"Makeup\",\"Makeup Studio\"],\"articleSection\":[\"Beauty\"],\"inLanguage\":\"de-CH\"},{\"@type\":\"WebPage\",\"@id\":\"https:\\\/\\\/www.treatwell.ch/treatment-files\\\/extrem-oder-dezent-das-sind-die-make-up-trends-fuer-2021\\\/\",\"url\":\"https:\\\/\\\/www.treatwell.ch/treatment-files\\\/extrem-oder-dezent-das-sind-die-make-up-trends-fuer-2021\\\/\",\"name\":\"Extrem oder dezent: Das sind die Make-up-Trends f\u00fcr 2021 | Treatwell\",\"isPartOf\":{\"@id\":\"https:\\\/\\\/www.treatwell.ch/treatment-files\\\/#website\"},\"primaryImageOfPage\":{\"@id\":\"https:\\\/\\\/www.treatwell.ch/treatment-files\\\/extrem-oder-dezent-das-sind-die-make-up-trends-fuer-2021\\\/#primaryimage\"},\"image\":{\"@id\":\"https:\\\/\\\/www.treatwell.ch/treatment-files\\\/extrem-oder-dezent-das-sind-die-make-up-trends-fuer-2021\\\/#primaryimage\"},\"thumbnailUrl\":\"https:\\\/\\\/www.treatwell.ch/treatment-files\\\/wp-content\\\/uploads\\\/sites\\\/11\\\/2022\\\/03\\\/Shutterstock_FEATURED.jpg\",\"datePublished\":\"2021-01-05T09:59:13+00:00\",\"description\":\"Die Fashion Week hatte 5 essenzielle Make-up-Trends f\u00fcr uns im Gep\u00e4ck: von Extravaganz bis hin zur Einfachheit. Das sind die sch\u00f6nsten Looks f\u00fcr 2021.\",\"breadcrumb\":{\"@id\":\"https:\\\/\\\/www.treatwell.ch/treatment-files\\\/extrem-oder-dezent-das-sind-die-make-up-trends-fuer-2021\\\/#breadcrumb\"},\"inLanguage\":\"de-CH\",\"potentialAction\":[{\"@type\":\"ReadAction\",\"target\":[\"https:\\\/\\\/www.treatwell.ch/treatment-files\\\/extrem-oder-dezent-das-sind-die-make-up-trends-fuer-2021\\\/\"]}]},{\"@type\":\"ImageObject\",\"inLanguage\":\"de-CH\",\"@id\":\"https:\\\/\\\/www.treatwell.ch/treatment-files\\\/extrem-oder-dezent-das-sind-die-make-up-trends-fuer-2021\\\/#primaryimage\",\"url\":\"https:\\\/\\\/www.treatwell.ch/treatment-files\\\/wp-content\\\/uploads\\\/sites\\\/11\\\/2022\\\/03\\\/Shutterstock_FEATURED.jpg\",\"contentUrl\":\"https:\\\/\\\/www.treatwell.ch/treatment-files\\\/wp-content\\\/uploads\\\/sites\\\/11\\\/2022\\\/03\\\/Shutterstock_FEATURED.jpg\",\"width\":628,\"height\":628},{\"@type\":\"BreadcrumbList\",\"@id\":\"https:\\\/\\\/www.treatwell.ch/treatment-files\\\/extrem-oder-dezent-das-sind-die-make-up-trends-fuer-2021\\\/#breadcrumb\",\"itemListElement\":[{\"@type\":\"ListItem\",\"position\":1,\"name\":\"Home\",\"item\":\"https:\\\/\\\/www.treatwell.ch/treatment-files\\\/\"},{\"@type\":\"ListItem\",\"position\":2,\"name\":\"Beauty\",\"item\":\"https:\\\/\\\/www.treatwell.ch/treatment-files\\\/beauty\\\/\"},{\"@type\":\"ListItem\",\"position\":3,\"name\":\"Extrem oder dezent: Das sind die Make-up-Trends f\u00fcr 2021\"}]},{\"@type\":\"WebSite\",\"@id\":\"https:\\\/\\\/www.treatwell.ch/treatment-files\\\/#website\",\"url\":\"https:\\\/\\\/www.treatwell.ch/treatment-files\\\/\",\"name\":\"The Treatment Files\",\"description\":\"Beauty entdecken. Beauty erleben.\",\"publisher\":{\"@id\":\"https:\\\/\\\/www.treatwell.ch/treatment-files\\\/#organization\"},\"potentialAction\":[{\"@type\":\"SearchAction\",\"target\":{\"@type\":\"EntryPoint\",\"urlTemplate\":\"https:\\\/\\\/www.treatwell.ch/treatment-files\\\/?s={search_term_string}\"},\"query-input\":{\"@type\":\"PropertyValueSpecification\",\"valueRequired\":true,\"valueName\":\"search_term_string\"}}],\"inLanguage\":\"de-CH\"},{\"@type\":\"Organization\",\"@id\":\"https:\\\/\\\/www.treatwell.ch/treatment-files\\\/#organization\",\"name\":\"Treatwell\",\"url\":\"https:\\\/\\\/www.treatwell.ch/treatment-files\\\/\",\"logo\":{\"@type\":\"ImageObject\",\"inLanguage\":\"de-CH\",\"@id\":\"https:\\\/\\\/www.treatwell.ch/treatment-files\\\/#\\\/schema\\\/logo\\\/image\\\/\",\"url\":\"https:\\\/\\\/www.treatwell.ch/treatment-files\\\/wp-content\\\/uploads\\\/sites\\\/11\\\/2022\\\/03\\\/logo_treatwell.png\",\"contentUrl\":\"https:\\\/\\\/www.treatwell.ch/treatment-files\\\/wp-content\\\/uploads\\\/sites\\\/11\\\/2022\\\/03\\\/logo_treatwell.png\",\"width\":889,\"height\":164,\"caption\":\"Treatwell\"},\"image\":{\"@id\":\"https:\\\/\\\/www.treatwell.ch/treatment-files\\\/#\\\/schema\\\/logo\\\/image\\\/\"}},{\"@type\":\"Person\",\"@id\":\"\",\"url\":\"https:\\\/\\\/www.treatwell.ch/treatment-files\\\/author\\\/\"}]}<\/script>\n<!-- \/ Yoast SEO plugin. -->","yoast_head_json":{"title":"Extrem oder dezent: Das sind die Make-up-Trends f\u00fcr 2021 | Treatwell","description":"Die Fashion Week hatte 5 essenzielle Make-up-Trends f\u00fcr uns im Gep\u00e4ck: von Extravaganz bis hin zur Einfachheit. Das sind die sch\u00f6nsten Looks f\u00fcr 2021.","robots":{"index":"index","follow":"follow","max-snippet":"max-snippet:-1","max-image-preview":"max-image-preview:large","max-video-preview":"max-video-preview:-1"},"canonical":"https:\/\/www.treatwell.ch/treatment-files\/extrem-oder-dezent-das-sind-die-make-up-trends-fuer-2021\/","og_locale":"de_DE","og_type":"article","og_title":"Extrem oder dezent: Das sind die Make-up-Trends f\u00fcr 2021 | Treatwell","og_description":"Die Fashion Week hatte 5 essenzielle Make-up-Trends f\u00fcr uns im Gep\u00e4ck: von Extravaganz bis hin zur Einfachheit. Das sind die sch\u00f6nsten Looks f\u00fcr 2021.","og_url":"https:\/\/www.treatwell.ch/treatment-files\/extrem-oder-dezent-das-sind-die-make-up-trends-fuer-2021\/","og_site_name":"The Treatment Files","article_published_time":"2021-01-05T09:59:13+00:00","og_image":[{"width":1200,"height":628,"url":"https:\/\/www.treatwell.ch/treatment-files\/wp-content\/uploads\/sites\/11\/2022\/03\/Make-up-2021_HERO.jpg","type":"image\/jpeg"}],"twitter_card":"summary_large_image","twitter_misc":{"Geschrieben von":""},"schema":{"@context":"https:\/\/schema.org","@graph":[{"@type":"Article","@id":"https:\/\/www.treatwell.ch/treatment-files\/extrem-oder-dezent-das-sind-die-make-up-trends-fuer-2021\/#article","isPartOf":{"@id":"https:\/\/www.treatwell.ch/treatment-files\/extrem-oder-dezent-das-sind-die-make-up-trends-fuer-2021\/"},"author":{"name":"","@id":""},"headline":"Extrem oder dezent: Das sind die Make-up-Trends f\u00fcr 2021","datePublished":"2021-01-05T09:59:13+00:00","mainEntityOfPage":{"@id":"https:\/\/www.treatwell.ch/treatment-files\/extrem-oder-dezent-das-sind-die-make-up-trends-fuer-2021\/"},"wordCount":81,"publisher":{"@id":"https:\/\/www.treatwell.ch/treatment-files\/#organization"},"image":{"@id":"https:\/\/www.treatwell.ch/treatment-files\/extrem-oder-dezent-das-sind-die-make-up-trends-fuer-2021\/#primaryimage"},"thumbnailUrl":"https:\/\/www.treatwell.ch/treatment-files\/wp-content\/uploads\/sites\/11\/2022\/03\/Shutterstock_FEATURED.jpg","keywords":["Makeup","Makeup Studio"],"articleSection":["Beauty"],"inLanguage":"de-CH"},{"@type":"WebPage","@id":"https:\/\/www.treatwell.ch/treatment-files\/extrem-oder-dezent-das-sind-die-make-up-trends-fuer-2021\/","url":"https:\/\/www.treatwell.ch/treatment-files\/extrem-oder-dezent-das-sind-die-make-up-trends-fuer-2021\/","name":"Extrem oder dezent: Das sind die Make-up-Trends f\u00fcr 2021 | Treatwell","isPartOf":{"@id":"https:\/\/www.treatwell.ch/treatment-files\/#website"},"primaryImageOfPage":{"@id":"https:\/\/www.treatwell.ch/treatment-files\/extrem-oder-dezent-das-sind-die-make-up-trends-fuer-2021\/#primaryimage"},"image":{"@id":"https:\/\/www.treatwell.ch/treatment-files\/extrem-oder-dezent-das-sind-die-make-up-trends-fuer-2021\/#primaryimage"},"thumbnailUrl":"https:\/\/www.treatwell.ch/treatment-files\/wp-content\/uploads\/sites\/11\/2022\/03\/Shutterstock_FEATURED.jpg","datePublished":"2021-01-05T09:59:13+00:00","description":"Die Fashion Week hatte 5 essenzielle Make-up-Trends f\u00fcr uns im Gep\u00e4ck: von Extravaganz bis hin zur Einfachheit. Das sind die sch\u00f6nsten Looks f\u00fcr 2021.","breadcrumb":{"@id":"https:\/\/www.treatwell.ch/treatment-files\/extrem-oder-dezent-das-sind-die-make-up-trends-fuer-2021\/#breadcrumb"},"inLanguage":"de-CH","potentialAction":[{"@type":"ReadAction","target":["https:\/\/www.treatwell.ch/treatment-files\/extrem-oder-dezent-das-sind-die-make-up-trends-fuer-2021\/"]}]},{"@type":"ImageObject","inLanguage":"de-CH","@id":"https:\/\/www.treatwell.ch/treatment-files\/extrem-oder-dezent-das-sind-die-make-up-trends-fuer-2021\/#primaryimage","url":"https:\/\/www.treatwell.ch/treatment-files\/wp-content\/uploads\/sites\/11\/2022\/03\/Shutterstock_FEATURED.jpg","contentUrl":"https:\/\/www.treatwell.ch/treatment-files\/wp-content\/uploads\/sites\/11\/2022\/03\/Shutterstock_FEATURED.jpg","width":628,"height":628},{"@type":"BreadcrumbList","@id":"https:\/\/www.treatwell.ch/treatment-files\/extrem-oder-dezent-das-sind-die-make-up-trends-fuer-2021\/#breadcrumb","itemListElement":[{"@type":"ListItem","position":1,"name":"Home","item":"https:\/\/www.treatwell.ch/treatment-files\/"},{"@type":"ListItem","position":2,"name":"Beauty","item":"https:\/\/www.treatwell.ch/treatment-files\/beauty\/"},{"@type":"ListItem","position":3,"name":"Extrem oder dezent: Das sind die Make-up-Trends f\u00fcr 2021"}]},{"@type":"WebSite","@id":"https:\/\/www.treatwell.ch/treatment-files\/#website","url":"https:\/\/www.treatwell.ch/treatment-files\/","name":"The Treatment Files","description":"Beauty entdecken. Beauty erleben.","publisher":{"@id":"https:\/\/www.treatwell.ch/treatment-files\/#organization"},"potentialAction":[{"@type":"SearchAction","target":{"@type":"EntryPoint","urlTemplate":"https:\/\/www.treatwell.ch/treatment-files\/?s={search_term_string}"},"query-input":{"@type":"PropertyValueSpecification","valueRequired":true,"valueName":"search_term_string"}}],"inLanguage":"de-CH"},{"@type":"Organization","@id":"https:\/\/www.treatwell.ch/treatment-files\/#organization","name":"Treatwell","url":"https:\/\/www.treatwell.ch/treatment-files\/","logo":{"@type":"ImageObject","inLanguage":"de-CH","@id":"https:\/\/www.treatwell.ch/treatment-files\/#\/schema\/logo\/image\/","url":"https:\/\/www.treatwell.ch/treatment-files\/wp-content\/uploads\/sites\/11\/2022\/03\/logo_treatwell.png","contentUrl":"https:\/\/www.treatwell.ch/treatment-files\/wp-content\/uploads\/sites\/11\/2022\/03\/logo_treatwell.png","width":889,"height":164,"caption":"Treatwell"},"image":{"@id":"https:\/\/www.treatwell.ch/treatment-files\/#\/schema\/logo\/image\/"}},{"@type":"Person","@id":"","url":"https:\/\/www.treatwell.ch/treatment-files\/author\/"}]}},"featured_image_src":"https:\/\/www.treatwell.ch/treatment-files\/wp-content\/uploads\/sites\/11\/2022\/03\/Shutterstock_FEATURED-600x400.jpg","featured_image_src_square":"https:\/\/www.treatwell.ch/treatment-files\/wp-content\/uploads\/sites\/11\/2022\/03\/Shutterstock_FEATURED-600x600.jpg","author_info":{"display_name":"","author_link":"https:\/\/www.treatwell.ch/treatment-files\/author\/"},"_links":{"self":[{"href":"https:\/\/www.treatwell.ch\/treatment-files\/wp-json\/wp\/v2\/posts\/15972","targetHints":{"allow":["GET"]}}],"collection":[{"href":"https:\/\/www.treatwell.ch\/treatment-files\/wp-json\/wp\/v2\/posts"}],"about":[{"href":"https:\/\/www.treatwell.ch\/treatment-files\/wp-json\/wp\/v2\/types\/post"}],"author":[{"embeddable":true,"href":"https:\/\/www.treatwell.ch\/treatment-files\/wp-json\/wp\/v2\/users\/3319"}],"replies":[{"embeddable":true,"href":"https:\/\/www.treatwell.ch\/treatment-files\/wp-json\/wp\/v2\/comments?post=15972"}],"version-history":[{"count":0,"href":"https:\/\/www.treatwell.ch\/treatment-files\/wp-json\/wp\/v2\/posts\/15972\/revisions"}],"wp:featuredmedia":[{"embeddable":true,"href":"https:\/\/www.treatwell.ch\/treatment-files\/wp-json\/wp\/v2\/media\/15979"}],"wp:attachment":[{"href":"https:\/\/www.treatwell.ch\/treatment-files\/wp-json\/wp\/v2\/media?parent=15972"}],"wp:term":[{"taxonomy":"category","embeddable":true,"href":"https:\/\/www.treatwell.ch\/treatment-files\/wp-json\/wp\/v2\/categories?post=15972"},{"taxonomy":"post_tag","embeddable":true,"href":"https:\/\/www.treatwell.ch\/treatment-files\/wp-json\/wp\/v2\/tags?post=15972"}],"curies":[{"name":"wp","href":"https:\/\/api.w.org\/{rel}","templated":true}]}}