{"id":16110,"date":"2021-02-17T10:00:30","date_gmt":"2021-02-17T09:00:30","guid":{"rendered":"http:\/\/www.treatwell.ch\/treatment-files\/?p=19711"},"modified":"2021-02-17T10:00:30","modified_gmt":"2021-02-17T09:00:30","slug":"so-schuetzt-du-dein-haar-waehrend-der-kaeltetage","status":"publish","type":"post","link":"https:\/\/www.treatwell.ch/treatment-files\/so-schuetzt-du-dein-haar-waehrend-der-kaeltetage\/","title":{"rendered":"So sch\u00fctzt du dein Haar w\u00e4hrend der K\u00e4ltetage"},"content":{"rendered":"<p style=\"text-align: justify\"><span style=\"font-weight: 400\">Sobald es drau\u00dfen kalt wird, wissen wir bereits, was zutun ist; wir greifen zu Vitamin D Cremen, feuchtigkeitsspendenden Masken, unser Lippenbalsam und wappnen unsere Haut f\u00fcr die Wintertage. Drau\u00dfen ist man mit Minusgraden konfrontiert, zu Hause l\u00e4uft die Heizung auf Hochtouren. Wie sieht es allerdings mit unserer Haarpflege aus? \u00c4hnlich wie bei unserer Haut braucht auch unser Haar ausreichende Pflege. Die Luft im\u00a0 Innenbereich ist viel trockener, wodurch die Haarkutikula angehoben wird und somit geht die Feuchtigkeit leichter verloren. Das Ergebnis? Trockenes Haar, das nur schwer wieder auf Vordermann gebracht werden kann. Hier sind ein paar Tipps, wie du deine Haare w\u00e4hrend der kalten Jahreszeit optimal pflegst.<\/span><\/p>\n<p>Isabella Tombinski-Robb<\/p>\n","protected":false},"excerpt":{"rendered":"<p>Sobald es drau\u00dfen kalt wird, wissen wir bereits, was zutun ist; wir greifen zu Vitamin D Cremen, feuchtigkeitsspendenden Masken, unser Lippenbalsam und wappnen unsere Haut f\u00fcr die Wintertage. Drau\u00dfen ist man mit Minusgraden konfrontiert, zu Hause l\u00e4uft die Heizung auf Hochtouren. Wie sieht es allerdings mit unserer Haarpflege aus? \u00c4hnlich wie bei unserer Haut braucht [&hellip;]<\/p>\n","protected":false},"author":3318,"featured_media":16115,"comment_status":"closed","ping_status":"closed","sticky":false,"template":"","format":"standard","meta":{"_acf_changed":false,"_yoast_wpseo_title":"","_yoast_wpseo_metadesc":"","_genesis_hide_title":false,"_genesis_hide_breadcrumbs":false,"_genesis_hide_singular_image":false,"_genesis_hide_footer_widgets":false,"_genesis_custom_body_class":"","_genesis_custom_post_class":"","_genesis_layout":"","saswp_custom_schema_field":"","footnotes":""},"categories":[9],"tags":[3,5],"class_list":{"0":"post-16110","1":"post","2":"type-post","3":"status-publish","4":"format-standard","5":"has-post-thumbnail","7":"category-beauty","8":"tag-tt6","9":"tag-tr166","10":"entry"},"acf":{"post_credits":"Bildrechte: HERO-Shutterstock, Bild 1-3: Unsplash, @bleachlondon, Unsplash","beauty_blog_post_button_title":"","beauty_blog_post_button":"","landscape_picture":16114,"blocks":[{"block_title":"Shampoo und Conditioner","block_content":"<p>Die Shampoo-Flasche naht dem Ende, im Drogeriemarkt siehst du ein Kombi-Angebot mit Conditioner und schon hast du es gekauft. Wie gro&szlig; ist aber die Wahrscheinlichkeit, dass es f&uuml;r deinen Haartyp passt? Relativ gering. F&uuml;r die t&auml;gliche Haarw&auml;sche im Winter lohnt es sich an feuchtigkeitsspendenden Shampoos und Conditionern aufzustocken. Sie pflegen das Haar von innen und verhindern Frizz noch dazu. Um Ablagerungen zu vermeiden, greife zu einem tiefenreinigenden Shampoo einmal im Monat.<\/p>\n","video_content":"","block_picture":16111},{"block_title":"Plane eine Haarmaske ein","block_content":"<p>Eine Haarmaske ist perfekt geplant, wenn du mit einem bestimmten Haarproblem haderst. Ist dein Haar nach wie vor zu trocken? Probiere dich an einer reichhaltigen, feuchtigkeitsspendenden Maske. Wirkt dein gef&auml;rbtes Haar spr&ouml;de? Dann greife lieber zu einer reichhaltigen Haarmaske oder Olaplex. Wie oft solltest du eine Haarmaske anwenden? Die Grundregel besagt, dass einmal die Woche ausreicht.<\/p>\n","video_content":"","block_picture":16112},{"block_title":"Kopfhautpeeling","block_content":"<p>Ehrlich gesagt ist ein Kopfhautpeeling gut f&uuml;r jeden Haartyp und kann auch unabh&auml;ngig von der Jahreszeit eingeplant werden. Ein regelm&auml;&szlig;iges Kopfhautpeeling ist nur unglaublich angenehm, aber stimuliert zugleich gesundes Haarwachstum. Es regt die Durchblutung an, entfernt abgestorbene Hautzellen und befreit dein Haar von Ablagerungen aka hartn&auml;ckigen Produktansammlungen. Kommt bei dir regelm&auml;&szlig;ig Trockenshampoo zum Einsatz? Dann darf ein Kopfhautpeeling in deinem Haarpflegeprogramm keineswegs fehlen.<\/p>\n","video_content":"","block_picture":16113}]},"yoast_head":"<!-- This site is optimized with the Yoast SEO plugin v27.4 - https:\/\/yoast.com\/product\/yoast-seo-wordpress\/ -->\n<title>So sch\u00fctzt du dein Haar w\u00e4hrend der K\u00e4ltetage | Treatwell<\/title>\n<meta name=\"robots\" content=\"index, follow, max-snippet:-1, max-image-preview:large, max-video-preview:-1\" \/>\n<link rel=\"canonical\" href=\"https:\/\/www.treatwell.ch/treatment-files\/so-schuetzt-du-dein-haar-waehrend-der-kaeltetage\/\" \/>\n<meta property=\"og:locale\" content=\"de_DE\" \/>\n<meta property=\"og:type\" content=\"article\" \/>\n<meta property=\"og:title\" content=\"So sch\u00fctzt du dein Haar w\u00e4hrend der K\u00e4ltetage | Treatwell\" \/>\n<meta property=\"og:description\" content=\"Sobald es drau\u00dfen kalt wird, wissen wir bereits, was zutun ist; wir greifen zu Vitamin D Cremen, feuchtigkeitsspendenden Masken, unser Lippenbalsam und wappnen unsere Haut f\u00fcr die Wintertage. Drau\u00dfen ist man mit Minusgraden konfrontiert, zu Hause l\u00e4uft die Heizung auf Hochtouren. Wie sieht es allerdings mit unserer Haarpflege aus? \u00c4hnlich wie bei unserer Haut braucht [&hellip;]\" \/>\n<meta property=\"og:url\" content=\"https:\/\/www.treatwell.ch/treatment-files\/so-schuetzt-du-dein-haar-waehrend-der-kaeltetage\/\" \/>\n<meta property=\"og:site_name\" content=\"The Treatment Files\" \/>\n<meta property=\"article:published_time\" content=\"2021-02-17T09:00:30+00:00\" \/>\n<meta property=\"og:image\" content=\"https:\/\/www.treatwell.ch/treatment-files\/wp-content\/uploads\/sites\/11\/2022\/03\/Ka\u0308ltetage-HERO2.jpg\" \/>\n\t<meta property=\"og:image:width\" content=\"942\" \/>\n\t<meta property=\"og:image:height\" content=\"628\" \/>\n\t<meta property=\"og:image:type\" content=\"image\/jpeg\" \/>\n<meta name=\"author\" content=\"Isabella Tombinski-robb\" \/>\n<meta name=\"twitter:card\" content=\"summary_large_image\" \/>\n<meta name=\"twitter:label1\" content=\"Geschrieben von\" \/>\n\t<meta name=\"twitter:data1\" content=\"Isabella Tombinski-robb\" \/>\n\t<meta name=\"twitter:label2\" content=\"Gesch\u00e4tzte Lesezeit\" \/>\n\t<meta name=\"twitter:data2\" content=\"1 Minute\" \/>\n<script type=\"application\/ld+json\" class=\"yoast-schema-graph\">{\"@context\":\"https:\\\/\\\/schema.org\",\"@graph\":[{\"@type\":\"Article\",\"@id\":\"https:\\\/\\\/www.treatwell.ch/treatment-files\\\/so-schuetzt-du-dein-haar-waehrend-der-kaeltetage\\\/#article\",\"isPartOf\":{\"@id\":\"https:\\\/\\\/www.treatwell.ch/treatment-files\\\/so-schuetzt-du-dein-haar-waehrend-der-kaeltetage\\\/\"},\"author\":{\"name\":\"Isabella Tombinski-robb\",\"@id\":\"https:\\\/\\\/www.treatwell.ch/treatment-files\\\/#\\\/schema\\\/person\\\/869d3f19bdf4203c8e6e97c64e1c3c8e\"},\"headline\":\"So sch\u00fctzt du dein Haar w\u00e4hrend der K\u00e4ltetage\",\"datePublished\":\"2021-02-17T09:00:30+00:00\",\"mainEntityOfPage\":{\"@id\":\"https:\\\/\\\/www.treatwell.ch/treatment-files\\\/so-schuetzt-du-dein-haar-waehrend-der-kaeltetage\\\/\"},\"wordCount\":125,\"publisher\":{\"@id\":\"https:\\\/\\\/www.treatwell.ch/treatment-files\\\/#organization\"},\"image\":{\"@id\":\"https:\\\/\\\/www.treatwell.ch/treatment-files\\\/so-schuetzt-du-dein-haar-waehrend-der-kaeltetage\\\/#primaryimage\"},\"thumbnailUrl\":\"https:\\\/\\\/www.treatwell.ch/treatment-files\\\/wp-content\\\/uploads\\\/sites\\\/11\\\/2022\\\/03\\\/Ka\u0308ltetage-4.jpeg\",\"keywords\":[\"Hair\",\"Haircuts and Hairdressing\"],\"articleSection\":[\"Beauty\"],\"inLanguage\":\"de-CH\"},{\"@type\":\"WebPage\",\"@id\":\"https:\\\/\\\/www.treatwell.ch/treatment-files\\\/so-schuetzt-du-dein-haar-waehrend-der-kaeltetage\\\/\",\"url\":\"https:\\\/\\\/www.treatwell.ch/treatment-files\\\/so-schuetzt-du-dein-haar-waehrend-der-kaeltetage\\\/\",\"name\":\"So sch\u00fctzt du dein Haar w\u00e4hrend der K\u00e4ltetage | Treatwell\",\"isPartOf\":{\"@id\":\"https:\\\/\\\/www.treatwell.ch/treatment-files\\\/#website\"},\"primaryImageOfPage\":{\"@id\":\"https:\\\/\\\/www.treatwell.ch/treatment-files\\\/so-schuetzt-du-dein-haar-waehrend-der-kaeltetage\\\/#primaryimage\"},\"image\":{\"@id\":\"https:\\\/\\\/www.treatwell.ch/treatment-files\\\/so-schuetzt-du-dein-haar-waehrend-der-kaeltetage\\\/#primaryimage\"},\"thumbnailUrl\":\"https:\\\/\\\/www.treatwell.ch/treatment-files\\\/wp-content\\\/uploads\\\/sites\\\/11\\\/2022\\\/03\\\/Ka\u0308ltetage-4.jpeg\",\"datePublished\":\"2021-02-17T09:00:30+00:00\",\"breadcrumb\":{\"@id\":\"https:\\\/\\\/www.treatwell.ch/treatment-files\\\/so-schuetzt-du-dein-haar-waehrend-der-kaeltetage\\\/#breadcrumb\"},\"inLanguage\":\"de-CH\",\"potentialAction\":[{\"@type\":\"ReadAction\",\"target\":[\"https:\\\/\\\/www.treatwell.ch/treatment-files\\\/so-schuetzt-du-dein-haar-waehrend-der-kaeltetage\\\/\"]}]},{\"@type\":\"ImageObject\",\"inLanguage\":\"de-CH\",\"@id\":\"https:\\\/\\\/www.treatwell.ch/treatment-files\\\/so-schuetzt-du-dein-haar-waehrend-der-kaeltetage\\\/#primaryimage\",\"url\":\"https:\\\/\\\/www.treatwell.ch/treatment-files\\\/wp-content\\\/uploads\\\/sites\\\/11\\\/2022\\\/03\\\/Ka\u0308ltetage-4.jpeg\",\"contentUrl\":\"https:\\\/\\\/www.treatwell.ch/treatment-files\\\/wp-content\\\/uploads\\\/sites\\\/11\\\/2022\\\/03\\\/Ka\u0308ltetage-4.jpeg\",\"width\":419,\"height\":628},{\"@type\":\"BreadcrumbList\",\"@id\":\"https:\\\/\\\/www.treatwell.ch/treatment-files\\\/so-schuetzt-du-dein-haar-waehrend-der-kaeltetage\\\/#breadcrumb\",\"itemListElement\":[{\"@type\":\"ListItem\",\"position\":1,\"name\":\"Home\",\"item\":\"https:\\\/\\\/www.treatwell.ch/treatment-files\\\/\"},{\"@type\":\"ListItem\",\"position\":2,\"name\":\"Beauty\",\"item\":\"https:\\\/\\\/www.treatwell.ch/treatment-files\\\/beauty\\\/\"},{\"@type\":\"ListItem\",\"position\":3,\"name\":\"So sch\u00fctzt du dein Haar w\u00e4hrend der K\u00e4ltetage\"}]},{\"@type\":\"WebSite\",\"@id\":\"https:\\\/\\\/www.treatwell.ch/treatment-files\\\/#website\",\"url\":\"https:\\\/\\\/www.treatwell.ch/treatment-files\\\/\",\"name\":\"The Treatment Files\",\"description\":\"Beauty entdecken. Beauty erleben.\",\"publisher\":{\"@id\":\"https:\\\/\\\/www.treatwell.ch/treatment-files\\\/#organization\"},\"potentialAction\":[{\"@type\":\"SearchAction\",\"target\":{\"@type\":\"EntryPoint\",\"urlTemplate\":\"https:\\\/\\\/www.treatwell.ch/treatment-files\\\/?s={search_term_string}\"},\"query-input\":{\"@type\":\"PropertyValueSpecification\",\"valueRequired\":true,\"valueName\":\"search_term_string\"}}],\"inLanguage\":\"de-CH\"},{\"@type\":\"Organization\",\"@id\":\"https:\\\/\\\/www.treatwell.ch/treatment-files\\\/#organization\",\"name\":\"Treatwell\",\"url\":\"https:\\\/\\\/www.treatwell.ch/treatment-files\\\/\",\"logo\":{\"@type\":\"ImageObject\",\"inLanguage\":\"de-CH\",\"@id\":\"https:\\\/\\\/www.treatwell.ch/treatment-files\\\/#\\\/schema\\\/logo\\\/image\\\/\",\"url\":\"https:\\\/\\\/www.treatwell.ch/treatment-files\\\/wp-content\\\/uploads\\\/sites\\\/11\\\/2022\\\/03\\\/logo_treatwell.png\",\"contentUrl\":\"https:\\\/\\\/www.treatwell.ch/treatment-files\\\/wp-content\\\/uploads\\\/sites\\\/11\\\/2022\\\/03\\\/logo_treatwell.png\",\"width\":889,\"height\":164,\"caption\":\"Treatwell\"},\"image\":{\"@id\":\"https:\\\/\\\/www.treatwell.ch/treatment-files\\\/#\\\/schema\\\/logo\\\/image\\\/\"}},{\"@type\":\"Person\",\"@id\":\"https:\\\/\\\/www.treatwell.ch/treatment-files\\\/#\\\/schema\\\/person\\\/869d3f19bdf4203c8e6e97c64e1c3c8e\",\"name\":\"Isabella Tombinski-robb\",\"image\":{\"@type\":\"ImageObject\",\"inLanguage\":\"de-CH\",\"@id\":\"https:\\\/\\\/secure.gravatar.com\\\/avatar\\\/624ce3bd6151d711f02c8c31549c8390027943dc1293e17bf28c136ce4288a80?s=96&d=mm&r=g\",\"url\":\"https:\\\/\\\/secure.gravatar.com\\\/avatar\\\/624ce3bd6151d711f02c8c31549c8390027943dc1293e17bf28c136ce4288a80?s=96&d=mm&r=g\",\"contentUrl\":\"https:\\\/\\\/secure.gravatar.com\\\/avatar\\\/624ce3bd6151d711f02c8c31549c8390027943dc1293e17bf28c136ce4288a80?s=96&d=mm&r=g\",\"caption\":\"Isabella Tombinski-robb\"},\"url\":\"https:\\\/\\\/www.treatwell.ch/treatment-files\\\/author\\\/isabellatombinskirobb\\\/\"}]}<\/script>\n<!-- \/ Yoast SEO plugin. -->","yoast_head_json":{"title":"So sch\u00fctzt du dein Haar w\u00e4hrend der K\u00e4ltetage | Treatwell","robots":{"index":"index","follow":"follow","max-snippet":"max-snippet:-1","max-image-preview":"max-image-preview:large","max-video-preview":"max-video-preview:-1"},"canonical":"https:\/\/www.treatwell.ch/treatment-files\/so-schuetzt-du-dein-haar-waehrend-der-kaeltetage\/","og_locale":"de_DE","og_type":"article","og_title":"So sch\u00fctzt du dein Haar w\u00e4hrend der K\u00e4ltetage | Treatwell","og_description":"Sobald es drau\u00dfen kalt wird, wissen wir bereits, was zutun ist; wir greifen zu Vitamin D Cremen, feuchtigkeitsspendenden Masken, unser Lippenbalsam und wappnen unsere Haut f\u00fcr die Wintertage. Drau\u00dfen ist man mit Minusgraden konfrontiert, zu Hause l\u00e4uft die Heizung auf Hochtouren. Wie sieht es allerdings mit unserer Haarpflege aus? \u00c4hnlich wie bei unserer Haut braucht [&hellip;]","og_url":"https:\/\/www.treatwell.ch/treatment-files\/so-schuetzt-du-dein-haar-waehrend-der-kaeltetage\/","og_site_name":"The Treatment Files","article_published_time":"2021-02-17T09:00:30+00:00","og_image":[{"width":942,"height":628,"url":"https:\/\/www.treatwell.ch/treatment-files\/wp-content\/uploads\/sites\/11\/2022\/03\/Ka\u0308ltetage-HERO2.jpg","type":"image\/jpeg"}],"author":"Isabella Tombinski-robb","twitter_card":"summary_large_image","twitter_misc":{"Geschrieben von":"Isabella Tombinski-robb","Gesch\u00e4tzte Lesezeit":"1 Minute"},"schema":{"@context":"https:\/\/schema.org","@graph":[{"@type":"Article","@id":"https:\/\/www.treatwell.ch/treatment-files\/so-schuetzt-du-dein-haar-waehrend-der-kaeltetage\/#article","isPartOf":{"@id":"https:\/\/www.treatwell.ch/treatment-files\/so-schuetzt-du-dein-haar-waehrend-der-kaeltetage\/"},"author":{"name":"Isabella Tombinski-robb","@id":"https:\/\/www.treatwell.ch/treatment-files\/#\/schema\/person\/869d3f19bdf4203c8e6e97c64e1c3c8e"},"headline":"So sch\u00fctzt du dein Haar w\u00e4hrend der K\u00e4ltetage","datePublished":"2021-02-17T09:00:30+00:00","mainEntityOfPage":{"@id":"https:\/\/www.treatwell.ch/treatment-files\/so-schuetzt-du-dein-haar-waehrend-der-kaeltetage\/"},"wordCount":125,"publisher":{"@id":"https:\/\/www.treatwell.ch/treatment-files\/#organization"},"image":{"@id":"https:\/\/www.treatwell.ch/treatment-files\/so-schuetzt-du-dein-haar-waehrend-der-kaeltetage\/#primaryimage"},"thumbnailUrl":"https:\/\/www.treatwell.ch/treatment-files\/wp-content\/uploads\/sites\/11\/2022\/03\/Ka\u0308ltetage-4.jpeg","keywords":["Hair","Haircuts and Hairdressing"],"articleSection":["Beauty"],"inLanguage":"de-CH"},{"@type":"WebPage","@id":"https:\/\/www.treatwell.ch/treatment-files\/so-schuetzt-du-dein-haar-waehrend-der-kaeltetage\/","url":"https:\/\/www.treatwell.ch/treatment-files\/so-schuetzt-du-dein-haar-waehrend-der-kaeltetage\/","name":"So sch\u00fctzt du dein Haar w\u00e4hrend der K\u00e4ltetage | Treatwell","isPartOf":{"@id":"https:\/\/www.treatwell.ch/treatment-files\/#website"},"primaryImageOfPage":{"@id":"https:\/\/www.treatwell.ch/treatment-files\/so-schuetzt-du-dein-haar-waehrend-der-kaeltetage\/#primaryimage"},"image":{"@id":"https:\/\/www.treatwell.ch/treatment-files\/so-schuetzt-du-dein-haar-waehrend-der-kaeltetage\/#primaryimage"},"thumbnailUrl":"https:\/\/www.treatwell.ch/treatment-files\/wp-content\/uploads\/sites\/11\/2022\/03\/Ka\u0308ltetage-4.jpeg","datePublished":"2021-02-17T09:00:30+00:00","breadcrumb":{"@id":"https:\/\/www.treatwell.ch/treatment-files\/so-schuetzt-du-dein-haar-waehrend-der-kaeltetage\/#breadcrumb"},"inLanguage":"de-CH","potentialAction":[{"@type":"ReadAction","target":["https:\/\/www.treatwell.ch/treatment-files\/so-schuetzt-du-dein-haar-waehrend-der-kaeltetage\/"]}]},{"@type":"ImageObject","inLanguage":"de-CH","@id":"https:\/\/www.treatwell.ch/treatment-files\/so-schuetzt-du-dein-haar-waehrend-der-kaeltetage\/#primaryimage","url":"https:\/\/www.treatwell.ch/treatment-files\/wp-content\/uploads\/sites\/11\/2022\/03\/Ka\u0308ltetage-4.jpeg","contentUrl":"https:\/\/www.treatwell.ch/treatment-files\/wp-content\/uploads\/sites\/11\/2022\/03\/Ka\u0308ltetage-4.jpeg","width":419,"height":628},{"@type":"BreadcrumbList","@id":"https:\/\/www.treatwell.ch/treatment-files\/so-schuetzt-du-dein-haar-waehrend-der-kaeltetage\/#breadcrumb","itemListElement":[{"@type":"ListItem","position":1,"name":"Home","item":"https:\/\/www.treatwell.ch/treatment-files\/"},{"@type":"ListItem","position":2,"name":"Beauty","item":"https:\/\/www.treatwell.ch/treatment-files\/beauty\/"},{"@type":"ListItem","position":3,"name":"So sch\u00fctzt du dein Haar w\u00e4hrend der K\u00e4ltetage"}]},{"@type":"WebSite","@id":"https:\/\/www.treatwell.ch/treatment-files\/#website","url":"https:\/\/www.treatwell.ch/treatment-files\/","name":"The Treatment Files","description":"Beauty entdecken. Beauty erleben.","publisher":{"@id":"https:\/\/www.treatwell.ch/treatment-files\/#organization"},"potentialAction":[{"@type":"SearchAction","target":{"@type":"EntryPoint","urlTemplate":"https:\/\/www.treatwell.ch/treatment-files\/?s={search_term_string}"},"query-input":{"@type":"PropertyValueSpecification","valueRequired":true,"valueName":"search_term_string"}}],"inLanguage":"de-CH"},{"@type":"Organization","@id":"https:\/\/www.treatwell.ch/treatment-files\/#organization","name":"Treatwell","url":"https:\/\/www.treatwell.ch/treatment-files\/","logo":{"@type":"ImageObject","inLanguage":"de-CH","@id":"https:\/\/www.treatwell.ch/treatment-files\/#\/schema\/logo\/image\/","url":"https:\/\/www.treatwell.ch/treatment-files\/wp-content\/uploads\/sites\/11\/2022\/03\/logo_treatwell.png","contentUrl":"https:\/\/www.treatwell.ch/treatment-files\/wp-content\/uploads\/sites\/11\/2022\/03\/logo_treatwell.png","width":889,"height":164,"caption":"Treatwell"},"image":{"@id":"https:\/\/www.treatwell.ch/treatment-files\/#\/schema\/logo\/image\/"}},{"@type":"Person","@id":"https:\/\/www.treatwell.ch/treatment-files\/#\/schema\/person\/869d3f19bdf4203c8e6e97c64e1c3c8e","name":"Isabella Tombinski-robb","image":{"@type":"ImageObject","inLanguage":"de-CH","@id":"https:\/\/secure.gravatar.com\/avatar\/624ce3bd6151d711f02c8c31549c8390027943dc1293e17bf28c136ce4288a80?s=96&d=mm&r=g","url":"https:\/\/secure.gravatar.com\/avatar\/624ce3bd6151d711f02c8c31549c8390027943dc1293e17bf28c136ce4288a80?s=96&d=mm&r=g","contentUrl":"https:\/\/secure.gravatar.com\/avatar\/624ce3bd6151d711f02c8c31549c8390027943dc1293e17bf28c136ce4288a80?s=96&d=mm&r=g","caption":"Isabella Tombinski-robb"},"url":"https:\/\/www.treatwell.ch/treatment-files\/author\/isabellatombinskirobb\/"}]}},"featured_image_src":"https:\/\/www.treatwell.ch/treatment-files\/wp-content\/uploads\/sites\/11\/2022\/03\/Ka\u0308ltetage-4-419x400.jpeg","featured_image_src_square":"https:\/\/www.treatwell.ch/treatment-files\/wp-content\/uploads\/sites\/11\/2022\/03\/Ka\u0308ltetage-4-419x600.jpeg","author_info":{"display_name":"Isabella Tombinski-robb","author_link":"https:\/\/www.treatwell.ch/treatment-files\/author\/isabellatombinskirobb\/"},"_links":{"self":[{"href":"https:\/\/www.treatwell.ch\/treatment-files\/wp-json\/wp\/v2\/posts\/16110","targetHints":{"allow":["GET"]}}],"collection":[{"href":"https:\/\/www.treatwell.ch\/treatment-files\/wp-json\/wp\/v2\/posts"}],"about":[{"href":"https:\/\/www.treatwell.ch\/treatment-files\/wp-json\/wp\/v2\/types\/post"}],"author":[{"embeddable":true,"href":"https:\/\/www.treatwell.ch\/treatment-files\/wp-json\/wp\/v2\/users\/3318"}],"replies":[{"embeddable":true,"href":"https:\/\/www.treatwell.ch\/treatment-files\/wp-json\/wp\/v2\/comments?post=16110"}],"version-history":[{"count":0,"href":"https:\/\/www.treatwell.ch\/treatment-files\/wp-json\/wp\/v2\/posts\/16110\/revisions"}],"wp:featuredmedia":[{"embeddable":true,"href":"https:\/\/www.treatwell.ch\/treatment-files\/wp-json\/wp\/v2\/media\/16115"}],"wp:attachment":[{"href":"https:\/\/www.treatwell.ch\/treatment-files\/wp-json\/wp\/v2\/media?parent=16110"}],"wp:term":[{"taxonomy":"category","embeddable":true,"href":"https:\/\/www.treatwell.ch\/treatment-files\/wp-json\/wp\/v2\/categories?post=16110"},{"taxonomy":"post_tag","embeddable":true,"href":"https:\/\/www.treatwell.ch\/treatment-files\/wp-json\/wp\/v2\/tags?post=16110"}],"curies":[{"name":"wp","href":"https:\/\/api.w.org\/{rel}","templated":true}]}}