{"id":16123,"date":"2021-02-23T12:33:42","date_gmt":"2021-02-23T11:33:42","guid":{"rendered":"http:\/\/www.treatwell.ch\/treatment-files\/?p=19741"},"modified":"2021-02-23T12:33:42","modified_gmt":"2021-02-23T11:33:42","slug":"wir-traeumen-von-diesem-romantischen-haarschnitt-fuer-unseren-langersehnten-coiffeurbesuch","status":"publish","type":"post","link":"https:\/\/www.treatwell.ch/treatment-files\/wir-traeumen-von-diesem-romantischen-haarschnitt-fuer-unseren-langersehnten-coiffeurbesuch\/","title":{"rendered":"Wir tr\u00e4umen von diesem romantischen Haarschnitt f\u00fcr unseren langersehnten Coiffeurbesuch"},"content":{"rendered":"<p style=\"text-align: justify\"><span style=\"font-weight: 400\">Lockdown haben wir im Grossen und Ganzen damit verbracht, in Erinnerungen zu schwelgen, denn grossartig viel konnte man nicht unternehmen. Bis es dann endlich wieder back to normal geht, tr\u00e4umen wir von Restaurant- und Kinobesuchen, Partys und nat\u00fcrlich dem ein oder anderen Haarschnitt. Sp\u00e4testens bei Haarschnitt leuchten unsere Augen auf.<\/span><\/p>\n<p style=\"text-align: justify\"><span style=\"font-weight: 400\">Bestimmt hast du deinen Instagram-Feed schon nach jeder Menge Inspiration durchsucht: Hast du dir auch schon ein paar Looks gesaved? Wenn ja, umso besser, denn so bist du f\u00fcr deinen langersehnten Coiffeurbesuch bestens vorbereitet. Falls nicht keine Sorge, wir haben gute News.<\/span><\/p>\n<p style=\"text-align: justify\"><span style=\"font-weight: 400\">Wenn du unentschieden bist, aber dennoch eine kleine Ver\u00e4nderung suchst, dann m\u00f6chten wir dir einen neuen Trend vorstellen. * drumroll*&#8230;hello Curtain Bangs!\u00a0<\/span><\/p>\n<p style=\"text-align: justify\"><span style=\"font-weight: 400\">Alexa Chung hat es bereits mehrere Male vorgemacht und wir k\u00f6nnen bis heute nicht genug von dem Look bekommen. Stirnfransen sind stets ein Hingucker und schmeicheln so ziemlich jeder Gesichtsform und jedem Typ. Schiefgehen kann bei dieser einfachen Haarver\u00e4nderung recht wenig. W\u00e4hle lang und leicht gestufte Stirnfransen f\u00fcr einen weich fallenden Look, der die Gesichtsform betont und kurz f\u00fcr etwas mehr Pep und das gewisse nostalgische Feeling.<\/span><\/p>\n<p style=\"text-align: justify\"><span style=\"font-weight: 400\">Brauchst du noch etwas mehr \u00dcberzeugung? Los gehts!<\/span><\/p>\n<p>Von Isabella Tombinski-Robb<\/p>\n<p style=\"text-align: justify\">\n","protected":false},"excerpt":{"rendered":"<p>Lockdown haben wir im Grossen und Ganzen damit verbracht, in Erinnerungen zu schwelgen, denn grossartig viel konnte man nicht unternehmen. Bis es dann endlich wieder back to normal geht, tr\u00e4umen wir von Restaurant- und Kinobesuchen, Partys und nat\u00fcrlich dem ein oder anderen Haarschnitt. Sp\u00e4testens bei Haarschnitt leuchten unsere Augen auf. Bestimmt hast du deinen Instagram-Feed [&hellip;]<\/p>\n","protected":false},"author":3318,"featured_media":16134,"comment_status":"closed","ping_status":"closed","sticky":false,"template":"","format":"standard","meta":{"_acf_changed":false,"_yoast_wpseo_title":"","_yoast_wpseo_metadesc":"Bis es dann endlich wieder back to normal geht, tr\u00e4umen wir von Restaurant- und Kinobesuchen, Partys und nat\u00fcrlich dem ein oder anderen Haarschnitt. Sp\u00e4testens bei Haarschnitt leuchten unsere Augen auf.","_genesis_hide_title":false,"_genesis_hide_breadcrumbs":false,"_genesis_hide_singular_image":false,"_genesis_hide_footer_widgets":false,"_genesis_custom_body_class":"","_genesis_custom_post_class":"","_genesis_layout":"","saswp_custom_schema_field":"","footnotes":""},"categories":[2],"tags":[4,5],"class_list":{"0":"post-16123","1":"post","2":"type-post","3":"status-publish","4":"format-standard","5":"has-post-thumbnail","7":"category-trends","8":"tag-tr273","9":"tag-tr166","10":"entry"},"acf":{"post_credits":"Bildrechte: Shutterstock, Olivier Degoulange\/Shutterstock, Laurent VU\/SIPA\/Shutterstock, Shutterstock, Shutterstock, J M HAEDRICH\/SIPA\/Shutterstock, J M HAEDRICH\/SIPA\/Shutterstock, Shutterstock, Shutterstock, RemotePhotoPress\/Shutterstock","beauty_blog_post_button_title":"Jetzt buchen","beauty_blog_post_button":"https:\/\/www.treatwell.ch\/orte\/behandlung-damenhaarschnitt\/angebot-typ-lokal\/in-ch\/","landscape_picture":16133,"blocks":[{"block_title":"","block_content":"","video_content":"","block_picture":16124},{"block_title":"","block_content":"","video_content":"","block_picture":16125},{"block_title":"","block_content":"","video_content":"","block_picture":16126},{"block_title":"","block_content":"","video_content":"","block_picture":16127},{"block_title":"","block_content":"","video_content":"","block_picture":16128},{"block_title":"","block_content":"","video_content":"","block_picture":16129},{"block_title":"","block_content":"","video_content":"","block_picture":16130},{"block_title":"","block_content":"","video_content":"","block_picture":16131},{"block_title":"","block_content":"","video_content":"","block_picture":16132}]},"yoast_head":"<!-- This site is optimized with the Yoast SEO plugin v27.4 - https:\/\/yoast.com\/product\/yoast-seo-wordpress\/ -->\n<title>Wir tr\u00e4umen von diesem romantischen Haarschnitt f\u00fcr unseren langersehnten Coiffeurbesuch | Treatwell<\/title>\n<meta name=\"description\" content=\"Bis es dann endlich wieder back to normal geht, tr\u00e4umen wir von Restaurant- und Kinobesuchen, Partys und nat\u00fcrlich dem ein oder anderen Haarschnitt. Sp\u00e4testens bei Haarschnitt leuchten unsere Augen auf.\" \/>\n<meta name=\"robots\" content=\"index, follow, max-snippet:-1, max-image-preview:large, max-video-preview:-1\" \/>\n<link rel=\"canonical\" href=\"https:\/\/www.treatwell.ch/treatment-files\/wir-traeumen-von-diesem-romantischen-haarschnitt-fuer-unseren-langersehnten-coiffeurbesuch\/\" \/>\n<meta property=\"og:locale\" content=\"de_DE\" \/>\n<meta property=\"og:type\" content=\"article\" \/>\n<meta property=\"og:title\" content=\"Wir tr\u00e4umen von diesem romantischen Haarschnitt f\u00fcr unseren langersehnten Coiffeurbesuch | Treatwell\" \/>\n<meta property=\"og:description\" content=\"Bis es dann endlich wieder back to normal geht, tr\u00e4umen wir von Restaurant- und Kinobesuchen, Partys und nat\u00fcrlich dem ein oder anderen Haarschnitt. Sp\u00e4testens bei Haarschnitt leuchten unsere Augen auf.\" \/>\n<meta property=\"og:url\" content=\"https:\/\/www.treatwell.ch/treatment-files\/wir-traeumen-von-diesem-romantischen-haarschnitt-fuer-unseren-langersehnten-coiffeurbesuch\/\" \/>\n<meta property=\"og:site_name\" content=\"The Treatment Files\" \/>\n<meta property=\"article:published_time\" content=\"2021-02-23T11:33:42+00:00\" \/>\n<meta property=\"og:image\" content=\"https:\/\/www.treatwell.ch/treatment-files\/wp-content\/uploads\/sites\/11\/2022\/03\/Stirnfransen-HERO.png\" \/>\n\t<meta property=\"og:image:width\" content=\"1116\" \/>\n\t<meta property=\"og:image:height\" content=\"628\" \/>\n\t<meta property=\"og:image:type\" content=\"image\/png\" \/>\n<meta name=\"author\" content=\"Isabella Tombinski-robb\" \/>\n<meta name=\"twitter:card\" content=\"summary_large_image\" \/>\n<meta name=\"twitter:label1\" content=\"Geschrieben von\" \/>\n\t<meta name=\"twitter:data1\" content=\"Isabella Tombinski-robb\" \/>\n\t<meta name=\"twitter:label2\" content=\"Gesch\u00e4tzte Lesezeit\" \/>\n\t<meta name=\"twitter:data2\" content=\"1 Minute\" \/>\n<script type=\"application\/ld+json\" class=\"yoast-schema-graph\">{\"@context\":\"https:\\\/\\\/schema.org\",\"@graph\":[{\"@type\":\"Article\",\"@id\":\"https:\\\/\\\/www.treatwell.ch/treatment-files\\\/wir-traeumen-von-diesem-romantischen-haarschnitt-fuer-unseren-langersehnten-coiffeurbesuch\\\/#article\",\"isPartOf\":{\"@id\":\"https:\\\/\\\/www.treatwell.ch/treatment-files\\\/wir-traeumen-von-diesem-romantischen-haarschnitt-fuer-unseren-langersehnten-coiffeurbesuch\\\/\"},\"author\":{\"name\":\"Isabella Tombinski-robb\",\"@id\":\"https:\\\/\\\/www.treatwell.ch/treatment-files\\\/#\\\/schema\\\/person\\\/869d3f19bdf4203c8e6e97c64e1c3c8e\"},\"headline\":\"Wir tr\u00e4umen von diesem romantischen Haarschnitt f\u00fcr unseren langersehnten Coiffeurbesuch\",\"datePublished\":\"2021-02-23T11:33:42+00:00\",\"mainEntityOfPage\":{\"@id\":\"https:\\\/\\\/www.treatwell.ch/treatment-files\\\/wir-traeumen-von-diesem-romantischen-haarschnitt-fuer-unseren-langersehnten-coiffeurbesuch\\\/\"},\"wordCount\":215,\"publisher\":{\"@id\":\"https:\\\/\\\/www.treatwell.ch/treatment-files\\\/#organization\"},\"image\":{\"@id\":\"https:\\\/\\\/www.treatwell.ch/treatment-files\\\/wir-traeumen-von-diesem-romantischen-haarschnitt-fuer-unseren-langersehnten-coiffeurbesuch\\\/#primaryimage\"},\"thumbnailUrl\":\"https:\\\/\\\/www.treatwell.ch/treatment-files\\\/wp-content\\\/uploads\\\/sites\\\/11\\\/2022\\\/03\\\/Stirnfransen-Featured.jpg\",\"keywords\":[\"Hair Colouring and Highlights\",\"Haircuts and Hairdressing\"],\"articleSection\":[\"Trends\"],\"inLanguage\":\"de-CH\"},{\"@type\":\"WebPage\",\"@id\":\"https:\\\/\\\/www.treatwell.ch/treatment-files\\\/wir-traeumen-von-diesem-romantischen-haarschnitt-fuer-unseren-langersehnten-coiffeurbesuch\\\/\",\"url\":\"https:\\\/\\\/www.treatwell.ch/treatment-files\\\/wir-traeumen-von-diesem-romantischen-haarschnitt-fuer-unseren-langersehnten-coiffeurbesuch\\\/\",\"name\":\"Wir tr\u00e4umen von diesem romantischen Haarschnitt f\u00fcr unseren langersehnten Coiffeurbesuch | Treatwell\",\"isPartOf\":{\"@id\":\"https:\\\/\\\/www.treatwell.ch/treatment-files\\\/#website\"},\"primaryImageOfPage\":{\"@id\":\"https:\\\/\\\/www.treatwell.ch/treatment-files\\\/wir-traeumen-von-diesem-romantischen-haarschnitt-fuer-unseren-langersehnten-coiffeurbesuch\\\/#primaryimage\"},\"image\":{\"@id\":\"https:\\\/\\\/www.treatwell.ch/treatment-files\\\/wir-traeumen-von-diesem-romantischen-haarschnitt-fuer-unseren-langersehnten-coiffeurbesuch\\\/#primaryimage\"},\"thumbnailUrl\":\"https:\\\/\\\/www.treatwell.ch/treatment-files\\\/wp-content\\\/uploads\\\/sites\\\/11\\\/2022\\\/03\\\/Stirnfransen-Featured.jpg\",\"datePublished\":\"2021-02-23T11:33:42+00:00\",\"description\":\"Bis es dann endlich wieder back to normal geht, tr\u00e4umen wir von Restaurant- und Kinobesuchen, Partys und nat\u00fcrlich dem ein oder anderen Haarschnitt. Sp\u00e4testens bei Haarschnitt leuchten unsere Augen auf.\",\"breadcrumb\":{\"@id\":\"https:\\\/\\\/www.treatwell.ch/treatment-files\\\/wir-traeumen-von-diesem-romantischen-haarschnitt-fuer-unseren-langersehnten-coiffeurbesuch\\\/#breadcrumb\"},\"inLanguage\":\"de-CH\",\"potentialAction\":[{\"@type\":\"ReadAction\",\"target\":[\"https:\\\/\\\/www.treatwell.ch/treatment-files\\\/wir-traeumen-von-diesem-romantischen-haarschnitt-fuer-unseren-langersehnten-coiffeurbesuch\\\/\"]}]},{\"@type\":\"ImageObject\",\"inLanguage\":\"de-CH\",\"@id\":\"https:\\\/\\\/www.treatwell.ch/treatment-files\\\/wir-traeumen-von-diesem-romantischen-haarschnitt-fuer-unseren-langersehnten-coiffeurbesuch\\\/#primaryimage\",\"url\":\"https:\\\/\\\/www.treatwell.ch/treatment-files\\\/wp-content\\\/uploads\\\/sites\\\/11\\\/2022\\\/03\\\/Stirnfransen-Featured.jpg\",\"contentUrl\":\"https:\\\/\\\/www.treatwell.ch/treatment-files\\\/wp-content\\\/uploads\\\/sites\\\/11\\\/2022\\\/03\\\/Stirnfransen-Featured.jpg\",\"width\":756,\"height\":756},{\"@type\":\"BreadcrumbList\",\"@id\":\"https:\\\/\\\/www.treatwell.ch/treatment-files\\\/wir-traeumen-von-diesem-romantischen-haarschnitt-fuer-unseren-langersehnten-coiffeurbesuch\\\/#breadcrumb\",\"itemListElement\":[{\"@type\":\"ListItem\",\"position\":1,\"name\":\"Home\",\"item\":\"https:\\\/\\\/www.treatwell.ch/treatment-files\\\/\"},{\"@type\":\"ListItem\",\"position\":2,\"name\":\"Trends\",\"item\":\"https:\\\/\\\/www.treatwell.ch/treatment-files\\\/trends\\\/\"},{\"@type\":\"ListItem\",\"position\":3,\"name\":\"Wir tr\u00e4umen von diesem romantischen Haarschnitt f\u00fcr unseren langersehnten Coiffeurbesuch\"}]},{\"@type\":\"WebSite\",\"@id\":\"https:\\\/\\\/www.treatwell.ch/treatment-files\\\/#website\",\"url\":\"https:\\\/\\\/www.treatwell.ch/treatment-files\\\/\",\"name\":\"The Treatment Files\",\"description\":\"Beauty entdecken. Beauty erleben.\",\"publisher\":{\"@id\":\"https:\\\/\\\/www.treatwell.ch/treatment-files\\\/#organization\"},\"potentialAction\":[{\"@type\":\"SearchAction\",\"target\":{\"@type\":\"EntryPoint\",\"urlTemplate\":\"https:\\\/\\\/www.treatwell.ch/treatment-files\\\/?s={search_term_string}\"},\"query-input\":{\"@type\":\"PropertyValueSpecification\",\"valueRequired\":true,\"valueName\":\"search_term_string\"}}],\"inLanguage\":\"de-CH\"},{\"@type\":\"Organization\",\"@id\":\"https:\\\/\\\/www.treatwell.ch/treatment-files\\\/#organization\",\"name\":\"Treatwell\",\"url\":\"https:\\\/\\\/www.treatwell.ch/treatment-files\\\/\",\"logo\":{\"@type\":\"ImageObject\",\"inLanguage\":\"de-CH\",\"@id\":\"https:\\\/\\\/www.treatwell.ch/treatment-files\\\/#\\\/schema\\\/logo\\\/image\\\/\",\"url\":\"https:\\\/\\\/www.treatwell.ch/treatment-files\\\/wp-content\\\/uploads\\\/sites\\\/11\\\/2022\\\/03\\\/logo_treatwell.png\",\"contentUrl\":\"https:\\\/\\\/www.treatwell.ch/treatment-files\\\/wp-content\\\/uploads\\\/sites\\\/11\\\/2022\\\/03\\\/logo_treatwell.png\",\"width\":889,\"height\":164,\"caption\":\"Treatwell\"},\"image\":{\"@id\":\"https:\\\/\\\/www.treatwell.ch/treatment-files\\\/#\\\/schema\\\/logo\\\/image\\\/\"}},{\"@type\":\"Person\",\"@id\":\"https:\\\/\\\/www.treatwell.ch/treatment-files\\\/#\\\/schema\\\/person\\\/869d3f19bdf4203c8e6e97c64e1c3c8e\",\"name\":\"Isabella Tombinski-robb\",\"image\":{\"@type\":\"ImageObject\",\"inLanguage\":\"de-CH\",\"@id\":\"https:\\\/\\\/secure.gravatar.com\\\/avatar\\\/624ce3bd6151d711f02c8c31549c8390027943dc1293e17bf28c136ce4288a80?s=96&d=mm&r=g\",\"url\":\"https:\\\/\\\/secure.gravatar.com\\\/avatar\\\/624ce3bd6151d711f02c8c31549c8390027943dc1293e17bf28c136ce4288a80?s=96&d=mm&r=g\",\"contentUrl\":\"https:\\\/\\\/secure.gravatar.com\\\/avatar\\\/624ce3bd6151d711f02c8c31549c8390027943dc1293e17bf28c136ce4288a80?s=96&d=mm&r=g\",\"caption\":\"Isabella Tombinski-robb\"},\"url\":\"https:\\\/\\\/www.treatwell.ch/treatment-files\\\/author\\\/isabellatombinskirobb\\\/\"}]}<\/script>\n<!-- \/ Yoast SEO plugin. -->","yoast_head_json":{"title":"Wir tr\u00e4umen von diesem romantischen Haarschnitt f\u00fcr unseren langersehnten Coiffeurbesuch | Treatwell","description":"Bis es dann endlich wieder back to normal geht, tr\u00e4umen wir von Restaurant- und Kinobesuchen, Partys und nat\u00fcrlich dem ein oder anderen Haarschnitt. Sp\u00e4testens bei Haarschnitt leuchten unsere Augen auf.","robots":{"index":"index","follow":"follow","max-snippet":"max-snippet:-1","max-image-preview":"max-image-preview:large","max-video-preview":"max-video-preview:-1"},"canonical":"https:\/\/www.treatwell.ch/treatment-files\/wir-traeumen-von-diesem-romantischen-haarschnitt-fuer-unseren-langersehnten-coiffeurbesuch\/","og_locale":"de_DE","og_type":"article","og_title":"Wir tr\u00e4umen von diesem romantischen Haarschnitt f\u00fcr unseren langersehnten Coiffeurbesuch | Treatwell","og_description":"Bis es dann endlich wieder back to normal geht, tr\u00e4umen wir von Restaurant- und Kinobesuchen, Partys und nat\u00fcrlich dem ein oder anderen Haarschnitt. Sp\u00e4testens bei Haarschnitt leuchten unsere Augen auf.","og_url":"https:\/\/www.treatwell.ch/treatment-files\/wir-traeumen-von-diesem-romantischen-haarschnitt-fuer-unseren-langersehnten-coiffeurbesuch\/","og_site_name":"The Treatment Files","article_published_time":"2021-02-23T11:33:42+00:00","og_image":[{"width":1116,"height":628,"url":"https:\/\/www.treatwell.ch/treatment-files\/wp-content\/uploads\/sites\/11\/2022\/03\/Stirnfransen-HERO.png","type":"image\/png"}],"author":"Isabella Tombinski-robb","twitter_card":"summary_large_image","twitter_misc":{"Geschrieben von":"Isabella Tombinski-robb","Gesch\u00e4tzte Lesezeit":"1 Minute"},"schema":{"@context":"https:\/\/schema.org","@graph":[{"@type":"Article","@id":"https:\/\/www.treatwell.ch/treatment-files\/wir-traeumen-von-diesem-romantischen-haarschnitt-fuer-unseren-langersehnten-coiffeurbesuch\/#article","isPartOf":{"@id":"https:\/\/www.treatwell.ch/treatment-files\/wir-traeumen-von-diesem-romantischen-haarschnitt-fuer-unseren-langersehnten-coiffeurbesuch\/"},"author":{"name":"Isabella Tombinski-robb","@id":"https:\/\/www.treatwell.ch/treatment-files\/#\/schema\/person\/869d3f19bdf4203c8e6e97c64e1c3c8e"},"headline":"Wir tr\u00e4umen von diesem romantischen Haarschnitt f\u00fcr unseren langersehnten Coiffeurbesuch","datePublished":"2021-02-23T11:33:42+00:00","mainEntityOfPage":{"@id":"https:\/\/www.treatwell.ch/treatment-files\/wir-traeumen-von-diesem-romantischen-haarschnitt-fuer-unseren-langersehnten-coiffeurbesuch\/"},"wordCount":215,"publisher":{"@id":"https:\/\/www.treatwell.ch/treatment-files\/#organization"},"image":{"@id":"https:\/\/www.treatwell.ch/treatment-files\/wir-traeumen-von-diesem-romantischen-haarschnitt-fuer-unseren-langersehnten-coiffeurbesuch\/#primaryimage"},"thumbnailUrl":"https:\/\/www.treatwell.ch/treatment-files\/wp-content\/uploads\/sites\/11\/2022\/03\/Stirnfransen-Featured.jpg","keywords":["Hair Colouring and Highlights","Haircuts and Hairdressing"],"articleSection":["Trends"],"inLanguage":"de-CH"},{"@type":"WebPage","@id":"https:\/\/www.treatwell.ch/treatment-files\/wir-traeumen-von-diesem-romantischen-haarschnitt-fuer-unseren-langersehnten-coiffeurbesuch\/","url":"https:\/\/www.treatwell.ch/treatment-files\/wir-traeumen-von-diesem-romantischen-haarschnitt-fuer-unseren-langersehnten-coiffeurbesuch\/","name":"Wir tr\u00e4umen von diesem romantischen Haarschnitt f\u00fcr unseren langersehnten Coiffeurbesuch | Treatwell","isPartOf":{"@id":"https:\/\/www.treatwell.ch/treatment-files\/#website"},"primaryImageOfPage":{"@id":"https:\/\/www.treatwell.ch/treatment-files\/wir-traeumen-von-diesem-romantischen-haarschnitt-fuer-unseren-langersehnten-coiffeurbesuch\/#primaryimage"},"image":{"@id":"https:\/\/www.treatwell.ch/treatment-files\/wir-traeumen-von-diesem-romantischen-haarschnitt-fuer-unseren-langersehnten-coiffeurbesuch\/#primaryimage"},"thumbnailUrl":"https:\/\/www.treatwell.ch/treatment-files\/wp-content\/uploads\/sites\/11\/2022\/03\/Stirnfransen-Featured.jpg","datePublished":"2021-02-23T11:33:42+00:00","description":"Bis es dann endlich wieder back to normal geht, tr\u00e4umen wir von Restaurant- und Kinobesuchen, Partys und nat\u00fcrlich dem ein oder anderen Haarschnitt. Sp\u00e4testens bei Haarschnitt leuchten unsere Augen auf.","breadcrumb":{"@id":"https:\/\/www.treatwell.ch/treatment-files\/wir-traeumen-von-diesem-romantischen-haarschnitt-fuer-unseren-langersehnten-coiffeurbesuch\/#breadcrumb"},"inLanguage":"de-CH","potentialAction":[{"@type":"ReadAction","target":["https:\/\/www.treatwell.ch/treatment-files\/wir-traeumen-von-diesem-romantischen-haarschnitt-fuer-unseren-langersehnten-coiffeurbesuch\/"]}]},{"@type":"ImageObject","inLanguage":"de-CH","@id":"https:\/\/www.treatwell.ch/treatment-files\/wir-traeumen-von-diesem-romantischen-haarschnitt-fuer-unseren-langersehnten-coiffeurbesuch\/#primaryimage","url":"https:\/\/www.treatwell.ch/treatment-files\/wp-content\/uploads\/sites\/11\/2022\/03\/Stirnfransen-Featured.jpg","contentUrl":"https:\/\/www.treatwell.ch/treatment-files\/wp-content\/uploads\/sites\/11\/2022\/03\/Stirnfransen-Featured.jpg","width":756,"height":756},{"@type":"BreadcrumbList","@id":"https:\/\/www.treatwell.ch/treatment-files\/wir-traeumen-von-diesem-romantischen-haarschnitt-fuer-unseren-langersehnten-coiffeurbesuch\/#breadcrumb","itemListElement":[{"@type":"ListItem","position":1,"name":"Home","item":"https:\/\/www.treatwell.ch/treatment-files\/"},{"@type":"ListItem","position":2,"name":"Trends","item":"https:\/\/www.treatwell.ch/treatment-files\/trends\/"},{"@type":"ListItem","position":3,"name":"Wir tr\u00e4umen von diesem romantischen Haarschnitt f\u00fcr unseren langersehnten Coiffeurbesuch"}]},{"@type":"WebSite","@id":"https:\/\/www.treatwell.ch/treatment-files\/#website","url":"https:\/\/www.treatwell.ch/treatment-files\/","name":"The Treatment Files","description":"Beauty entdecken. Beauty erleben.","publisher":{"@id":"https:\/\/www.treatwell.ch/treatment-files\/#organization"},"potentialAction":[{"@type":"SearchAction","target":{"@type":"EntryPoint","urlTemplate":"https:\/\/www.treatwell.ch/treatment-files\/?s={search_term_string}"},"query-input":{"@type":"PropertyValueSpecification","valueRequired":true,"valueName":"search_term_string"}}],"inLanguage":"de-CH"},{"@type":"Organization","@id":"https:\/\/www.treatwell.ch/treatment-files\/#organization","name":"Treatwell","url":"https:\/\/www.treatwell.ch/treatment-files\/","logo":{"@type":"ImageObject","inLanguage":"de-CH","@id":"https:\/\/www.treatwell.ch/treatment-files\/#\/schema\/logo\/image\/","url":"https:\/\/www.treatwell.ch/treatment-files\/wp-content\/uploads\/sites\/11\/2022\/03\/logo_treatwell.png","contentUrl":"https:\/\/www.treatwell.ch/treatment-files\/wp-content\/uploads\/sites\/11\/2022\/03\/logo_treatwell.png","width":889,"height":164,"caption":"Treatwell"},"image":{"@id":"https:\/\/www.treatwell.ch/treatment-files\/#\/schema\/logo\/image\/"}},{"@type":"Person","@id":"https:\/\/www.treatwell.ch/treatment-files\/#\/schema\/person\/869d3f19bdf4203c8e6e97c64e1c3c8e","name":"Isabella Tombinski-robb","image":{"@type":"ImageObject","inLanguage":"de-CH","@id":"https:\/\/secure.gravatar.com\/avatar\/624ce3bd6151d711f02c8c31549c8390027943dc1293e17bf28c136ce4288a80?s=96&d=mm&r=g","url":"https:\/\/secure.gravatar.com\/avatar\/624ce3bd6151d711f02c8c31549c8390027943dc1293e17bf28c136ce4288a80?s=96&d=mm&r=g","contentUrl":"https:\/\/secure.gravatar.com\/avatar\/624ce3bd6151d711f02c8c31549c8390027943dc1293e17bf28c136ce4288a80?s=96&d=mm&r=g","caption":"Isabella Tombinski-robb"},"url":"https:\/\/www.treatwell.ch/treatment-files\/author\/isabellatombinskirobb\/"}]}},"featured_image_src":"https:\/\/www.treatwell.ch/treatment-files\/wp-content\/uploads\/sites\/11\/2022\/03\/Stirnfransen-Featured-600x400.jpg","featured_image_src_square":"https:\/\/www.treatwell.ch/treatment-files\/wp-content\/uploads\/sites\/11\/2022\/03\/Stirnfransen-Featured-600x600.jpg","author_info":{"display_name":"Isabella Tombinski-robb","author_link":"https:\/\/www.treatwell.ch/treatment-files\/author\/isabellatombinskirobb\/"},"_links":{"self":[{"href":"https:\/\/www.treatwell.ch\/treatment-files\/wp-json\/wp\/v2\/posts\/16123","targetHints":{"allow":["GET"]}}],"collection":[{"href":"https:\/\/www.treatwell.ch\/treatment-files\/wp-json\/wp\/v2\/posts"}],"about":[{"href":"https:\/\/www.treatwell.ch\/treatment-files\/wp-json\/wp\/v2\/types\/post"}],"author":[{"embeddable":true,"href":"https:\/\/www.treatwell.ch\/treatment-files\/wp-json\/wp\/v2\/users\/3318"}],"replies":[{"embeddable":true,"href":"https:\/\/www.treatwell.ch\/treatment-files\/wp-json\/wp\/v2\/comments?post=16123"}],"version-history":[{"count":0,"href":"https:\/\/www.treatwell.ch\/treatment-files\/wp-json\/wp\/v2\/posts\/16123\/revisions"}],"wp:featuredmedia":[{"embeddable":true,"href":"https:\/\/www.treatwell.ch\/treatment-files\/wp-json\/wp\/v2\/media\/16134"}],"wp:attachment":[{"href":"https:\/\/www.treatwell.ch\/treatment-files\/wp-json\/wp\/v2\/media?parent=16123"}],"wp:term":[{"taxonomy":"category","embeddable":true,"href":"https:\/\/www.treatwell.ch\/treatment-files\/wp-json\/wp\/v2\/categories?post=16123"},{"taxonomy":"post_tag","embeddable":true,"href":"https:\/\/www.treatwell.ch\/treatment-files\/wp-json\/wp\/v2\/tags?post=16123"}],"curies":[{"name":"wp","href":"https:\/\/api.w.org\/{rel}","templated":true}]}}