{"id":16334,"date":"2021-05-04T11:04:39","date_gmt":"2021-05-04T09:04:39","guid":{"rendered":"http:\/\/www.treatwell.ch\/treatment-files\/?p=17257"},"modified":"2021-05-04T11:04:39","modified_gmt":"2021-05-04T09:04:39","slug":"mask-on-wie-du-die-haut-im-gesicht-waehrend-des-tragens-einer-maske-schuetzt","status":"publish","type":"post","link":"https:\/\/www.treatwell.ch/treatment-files\/mask-on-wie-du-die-haut-im-gesicht-waehrend-des-tragens-einer-maske-schuetzt\/","title":{"rendered":"Mask on: Wie du die Haut im Gesicht w\u00e4hrend des Tragens einer Maske sch\u00fctzt"},"content":{"rendered":"<p style=\"text-align: justify\"><span style=\"font-weight: 400\">Keine Frage: Die Masken sind nicht sonderlich glamour\u00f6s, aber sie sind in diesen Zeiten nun mal essenziell!<br \/>\n<\/span><span style=\"font-weight: 400\">Wenn es um eine <a href=\"https:\/\/www.treatwell.ch\/orte\/behandlung-gesichtsbehandlungen\/angebot-typ-lokal\/in-ch\/\">professionelle Gesichtsbehandlung geht, lassen wir lieber die Profis<\/a> ran. Wenn es um Gesundheit und Sch\u00f6nheit der Haut zu Hause geht, k\u00f6nnen wir selbst einiges tun. Dir ist auch schon aufgefallen, dass die Haut unter dem st\u00e4ndigen Tragen der Maske etwas leidet? Dann haben wir hier nun tolle Tipps, die dir helfen sie zu sch\u00fctzen.<\/span><\/p>\n<p>&nbsp;<\/p>\n","protected":false},"excerpt":{"rendered":"<p>Keine Frage: Die Masken sind nicht sonderlich glamour\u00f6s, aber sie sind in diesen Zeiten nun mal essenziell! Wenn es um eine professionelle Gesichtsbehandlung geht, lassen wir lieber die Profis ran. Wenn es um Gesundheit und Sch\u00f6nheit der Haut zu Hause geht, k\u00f6nnen wir selbst einiges tun. Dir ist auch schon aufgefallen, dass die Haut unter [&hellip;]<\/p>\n","protected":false},"author":3319,"featured_media":16341,"comment_status":"closed","ping_status":"closed","sticky":false,"template":"","format":"standard","meta":{"_acf_changed":false,"_yoast_wpseo_title":"","_yoast_wpseo_metadesc":"Dir ist auch schon aufgefallen, dass die Haut unter dem st\u00e4ndigen Tragen der Maske leidet? Dann haben wir hier nun Tipps, die dir helfen sie zu sch\u00fctzen.","_genesis_hide_title":false,"_genesis_hide_breadcrumbs":false,"_genesis_hide_singular_image":false,"_genesis_hide_footer_widgets":false,"_genesis_custom_body_class":"","_genesis_custom_post_class":"","_genesis_layout":"","saswp_custom_schema_field":"","footnotes":""},"categories":[9],"tags":[7,8,70],"class_list":{"0":"post-16334","1":"post","2":"type-post","3":"status-publish","4":"format-standard","5":"has-post-thumbnail","7":"category-beauty","8":"tag-tt4","9":"tag-tr50","10":"tag-tr382","11":"entry"},"acf":{"post_credits":"Bildrechte: HERO - Photoeventshd\/Shutterstock, @lineagegoods, @kan_momo, @apres_glow, @donara_day, @onepeacebeauty","beauty_blog_post_button_title":"","beauty_blog_post_button":"","landscape_picture":16340,"blocks":[{"block_title":"Safety first","block_content":"<p>Das Tragen einer Maske spielt eine wichtige Rolle, um dich vor dem Virus zu sch&uuml;tzen und die Ausbreitung zu stoppen. Sie wirkt als Barriere, filtert die Luft und hilft, das st&auml;ndige Herumgrabbeln im Gesicht zu unterbinden.<\/p>\n","video_content":"","block_picture":16335},{"block_title":"Die Haut","block_content":"<p>Das Gesicht ist es nicht gewohnt, etwas &bdquo;\u200btragen&ldquo;&nbsp;zu m&uuml;ssen. Durch die Reibung der Maske auf deiner Haut, k&ouml;nnen vorerst Irritationen und R&ouml;tungen entstehen. Dein Atmen macht die Luft unter der Maske feuchter &ndash; so ist es auch wahrscheinlicher, dass die Poren verstopfen und sich Pickelchen bilden. Sorgen musst du dir deshalb aber nicht machen, denn du kannst dazu beitragen, dass sich deine Haut schneller daran gew&ouml;hnt.<\/p>\n","video_content":"","block_picture":16336},{"block_title":"Make-up vermeiden","block_content":"<p>Beim Tragen eines Mund-Nasen-Schutzes ist das Make-up keiner unserer Verb&uuml;ndeten. Die Maske reibt auf dem Puder und deiner Foundation. So steigt das Risiko einer Hautreizung und die Poren verstopfen leichter. Wir raten deshalb dazu, den unteren Teil des Gesichts einfach nicht zu schminken &ndash; sieht eigentlich ja sowieso niemand. Konzentriere dich einfach auf ausdrucksstarke Augen sowie Brauen. Oder du bleibst einfach ungeschminkt!&nbsp;<\/p>\n","video_content":"","block_picture":16337},{"block_title":"Deine Hautpflegeroutine","block_content":"<p>Dies ist die Zeit, um unserer Haut all die Liebe zu geben, die sie braucht, besonders wenn sie so starken Ver&auml;nderungen ausgesetzt ist. Reinige dein Gesicht also gr&uuml;ndlich morgens sowie abends, und g&ouml;nn dir einmal w&ouml;chentlich ein sanftes Peeling. Es ist wichtig, deine Haut t&auml;glich mit Feuchtigkeit zu versorgen und an einen guten Sonnenschutz zu denken. Das perfekte Mini-Treatment, solang einige Salons noch geschlossen haben,<a href=\"https:\/\/www.treatwell.ch\/treatment-files\/das-perfekte-mini-treatment-fuer-zu-hause\/\"> findest du hier<\/a>.&nbsp;<\/p>\n","video_content":"","block_picture":16338},{"block_title":"Finish","block_content":"<p>Wir empfehlen die Partie, die beim Tragen einer Maske bedeckt wird, nach dem Abnehmen mit einer milden Waschlotion und Wasser zu reinigen. Vergiss nicht, deine Haut von innen zu unterst&uuml;tzen, in dem du ausreichend Wasser trinkst. Eine kleine Feuchtigkeitspflege immer griffbereit zu haben, schadet ebenfalls nicht. Deine Lippen pflegst du am besten mit einem reichhaltigen Lippenbalsam.<\/p>\n","video_content":"","block_picture":16339}]},"yoast_head":"<!-- This site is optimized with the Yoast SEO plugin v27.4 - https:\/\/yoast.com\/product\/yoast-seo-wordpress\/ -->\n<title>Mask on: Wie du die Haut im Gesicht w\u00e4hrend des Tragens einer Maske sch\u00fctzt | Treatwell<\/title>\n<meta name=\"description\" content=\"Dir ist auch schon aufgefallen, dass die Haut unter dem st\u00e4ndigen Tragen der Maske leidet? Dann haben wir hier nun Tipps, die dir helfen sie zu sch\u00fctzen.\" \/>\n<meta name=\"robots\" content=\"index, follow, max-snippet:-1, max-image-preview:large, max-video-preview:-1\" \/>\n<link rel=\"canonical\" href=\"https:\/\/www.treatwell.ch/treatment-files\/mask-on-wie-du-die-haut-im-gesicht-waehrend-des-tragens-einer-maske-schuetzt\/\" \/>\n<meta property=\"og:locale\" content=\"de_DE\" \/>\n<meta property=\"og:type\" content=\"article\" \/>\n<meta property=\"og:title\" content=\"Mask on: Wie du die Haut im Gesicht w\u00e4hrend des Tragens einer Maske sch\u00fctzt | Treatwell\" \/>\n<meta property=\"og:description\" content=\"Dir ist auch schon aufgefallen, dass die Haut unter dem st\u00e4ndigen Tragen der Maske leidet? Dann haben wir hier nun Tipps, die dir helfen sie zu sch\u00fctzen.\" \/>\n<meta property=\"og:url\" content=\"https:\/\/www.treatwell.ch/treatment-files\/mask-on-wie-du-die-haut-im-gesicht-waehrend-des-tragens-einer-maske-schuetzt\/\" \/>\n<meta property=\"og:site_name\" content=\"The Treatment Files\" \/>\n<meta property=\"article:published_time\" content=\"2021-05-04T09:04:39+00:00\" \/>\n<meta property=\"og:image\" content=\"https:\/\/www.treatwell.ch/treatment-files\/wp-content\/uploads\/sites\/11\/2022\/03\/Mask-on_HERO.jpg\" \/>\n\t<meta property=\"og:image:width\" content=\"1000\" \/>\n\t<meta property=\"og:image:height\" content=\"528\" \/>\n\t<meta property=\"og:image:type\" content=\"image\/jpeg\" \/>\n<meta name=\"twitter:card\" content=\"summary_large_image\" \/>\n<meta name=\"twitter:label1\" content=\"Geschrieben von\" \/>\n\t<meta name=\"twitter:data1\" content=\"\" \/>\n<script type=\"application\/ld+json\" class=\"yoast-schema-graph\">{\"@context\":\"https:\\\/\\\/schema.org\",\"@graph\":[{\"@type\":\"Article\",\"@id\":\"https:\\\/\\\/www.treatwell.ch/treatment-files\\\/mask-on-wie-du-die-haut-im-gesicht-waehrend-des-tragens-einer-maske-schuetzt\\\/#article\",\"isPartOf\":{\"@id\":\"https:\\\/\\\/www.treatwell.ch/treatment-files\\\/mask-on-wie-du-die-haut-im-gesicht-waehrend-des-tragens-einer-maske-schuetzt\\\/\"},\"author\":{\"name\":\"\",\"@id\":\"\"},\"headline\":\"Mask on: Wie du die Haut im Gesicht w\u00e4hrend des Tragens einer Maske sch\u00fctzt\",\"datePublished\":\"2021-05-04T09:04:39+00:00\",\"mainEntityOfPage\":{\"@id\":\"https:\\\/\\\/www.treatwell.ch/treatment-files\\\/mask-on-wie-du-die-haut-im-gesicht-waehrend-des-tragens-einer-maske-schuetzt\\\/\"},\"wordCount\":97,\"publisher\":{\"@id\":\"https:\\\/\\\/www.treatwell.ch/treatment-files\\\/#organization\"},\"image\":{\"@id\":\"https:\\\/\\\/www.treatwell.ch/treatment-files\\\/mask-on-wie-du-die-haut-im-gesicht-waehrend-des-tragens-einer-maske-schuetzt\\\/#primaryimage\"},\"thumbnailUrl\":\"https:\\\/\\\/www.treatwell.ch/treatment-files\\\/wp-content\\\/uploads\\\/sites\\\/11\\\/2022\\\/03\\\/Maske-tragen_Haut-schu\u0308tzen_FEATURED.jpg\",\"keywords\":[\"Face\",\"Facials\",\"Skincare Consultation\"],\"articleSection\":[\"Beauty\"],\"inLanguage\":\"de-CH\"},{\"@type\":\"WebPage\",\"@id\":\"https:\\\/\\\/www.treatwell.ch/treatment-files\\\/mask-on-wie-du-die-haut-im-gesicht-waehrend-des-tragens-einer-maske-schuetzt\\\/\",\"url\":\"https:\\\/\\\/www.treatwell.ch/treatment-files\\\/mask-on-wie-du-die-haut-im-gesicht-waehrend-des-tragens-einer-maske-schuetzt\\\/\",\"name\":\"Mask on: Wie du die Haut im Gesicht w\u00e4hrend des Tragens einer Maske sch\u00fctzt | Treatwell\",\"isPartOf\":{\"@id\":\"https:\\\/\\\/www.treatwell.ch/treatment-files\\\/#website\"},\"primaryImageOfPage\":{\"@id\":\"https:\\\/\\\/www.treatwell.ch/treatment-files\\\/mask-on-wie-du-die-haut-im-gesicht-waehrend-des-tragens-einer-maske-schuetzt\\\/#primaryimage\"},\"image\":{\"@id\":\"https:\\\/\\\/www.treatwell.ch/treatment-files\\\/mask-on-wie-du-die-haut-im-gesicht-waehrend-des-tragens-einer-maske-schuetzt\\\/#primaryimage\"},\"thumbnailUrl\":\"https:\\\/\\\/www.treatwell.ch/treatment-files\\\/wp-content\\\/uploads\\\/sites\\\/11\\\/2022\\\/03\\\/Maske-tragen_Haut-schu\u0308tzen_FEATURED.jpg\",\"datePublished\":\"2021-05-04T09:04:39+00:00\",\"description\":\"Dir ist auch schon aufgefallen, dass die Haut unter dem st\u00e4ndigen Tragen der Maske leidet? Dann haben wir hier nun Tipps, die dir helfen sie zu sch\u00fctzen.\",\"breadcrumb\":{\"@id\":\"https:\\\/\\\/www.treatwell.ch/treatment-files\\\/mask-on-wie-du-die-haut-im-gesicht-waehrend-des-tragens-einer-maske-schuetzt\\\/#breadcrumb\"},\"inLanguage\":\"de-CH\",\"potentialAction\":[{\"@type\":\"ReadAction\",\"target\":[\"https:\\\/\\\/www.treatwell.ch/treatment-files\\\/mask-on-wie-du-die-haut-im-gesicht-waehrend-des-tragens-einer-maske-schuetzt\\\/\"]}]},{\"@type\":\"ImageObject\",\"inLanguage\":\"de-CH\",\"@id\":\"https:\\\/\\\/www.treatwell.ch/treatment-files\\\/mask-on-wie-du-die-haut-im-gesicht-waehrend-des-tragens-einer-maske-schuetzt\\\/#primaryimage\",\"url\":\"https:\\\/\\\/www.treatwell.ch/treatment-files\\\/wp-content\\\/uploads\\\/sites\\\/11\\\/2022\\\/03\\\/Maske-tragen_Haut-schu\u0308tzen_FEATURED.jpg\",\"contentUrl\":\"https:\\\/\\\/www.treatwell.ch/treatment-files\\\/wp-content\\\/uploads\\\/sites\\\/11\\\/2022\\\/03\\\/Maske-tragen_Haut-schu\u0308tzen_FEATURED.jpg\",\"width\":528,\"height\":528},{\"@type\":\"BreadcrumbList\",\"@id\":\"https:\\\/\\\/www.treatwell.ch/treatment-files\\\/mask-on-wie-du-die-haut-im-gesicht-waehrend-des-tragens-einer-maske-schuetzt\\\/#breadcrumb\",\"itemListElement\":[{\"@type\":\"ListItem\",\"position\":1,\"name\":\"Home\",\"item\":\"https:\\\/\\\/www.treatwell.ch/treatment-files\\\/\"},{\"@type\":\"ListItem\",\"position\":2,\"name\":\"Beauty\",\"item\":\"https:\\\/\\\/www.treatwell.ch/treatment-files\\\/beauty\\\/\"},{\"@type\":\"ListItem\",\"position\":3,\"name\":\"Mask on: Wie du die Haut im Gesicht w\u00e4hrend des Tragens einer Maske sch\u00fctzt\"}]},{\"@type\":\"WebSite\",\"@id\":\"https:\\\/\\\/www.treatwell.ch/treatment-files\\\/#website\",\"url\":\"https:\\\/\\\/www.treatwell.ch/treatment-files\\\/\",\"name\":\"The Treatment Files\",\"description\":\"Beauty entdecken. Beauty erleben.\",\"publisher\":{\"@id\":\"https:\\\/\\\/www.treatwell.ch/treatment-files\\\/#organization\"},\"potentialAction\":[{\"@type\":\"SearchAction\",\"target\":{\"@type\":\"EntryPoint\",\"urlTemplate\":\"https:\\\/\\\/www.treatwell.ch/treatment-files\\\/?s={search_term_string}\"},\"query-input\":{\"@type\":\"PropertyValueSpecification\",\"valueRequired\":true,\"valueName\":\"search_term_string\"}}],\"inLanguage\":\"de-CH\"},{\"@type\":\"Organization\",\"@id\":\"https:\\\/\\\/www.treatwell.ch/treatment-files\\\/#organization\",\"name\":\"Treatwell\",\"url\":\"https:\\\/\\\/www.treatwell.ch/treatment-files\\\/\",\"logo\":{\"@type\":\"ImageObject\",\"inLanguage\":\"de-CH\",\"@id\":\"https:\\\/\\\/www.treatwell.ch/treatment-files\\\/#\\\/schema\\\/logo\\\/image\\\/\",\"url\":\"https:\\\/\\\/www.treatwell.ch/treatment-files\\\/wp-content\\\/uploads\\\/sites\\\/11\\\/2022\\\/03\\\/logo_treatwell.png\",\"contentUrl\":\"https:\\\/\\\/www.treatwell.ch/treatment-files\\\/wp-content\\\/uploads\\\/sites\\\/11\\\/2022\\\/03\\\/logo_treatwell.png\",\"width\":889,\"height\":164,\"caption\":\"Treatwell\"},\"image\":{\"@id\":\"https:\\\/\\\/www.treatwell.ch/treatment-files\\\/#\\\/schema\\\/logo\\\/image\\\/\"}},{\"@type\":\"Person\",\"@id\":\"\",\"url\":\"https:\\\/\\\/www.treatwell.ch/treatment-files\\\/author\\\/\"}]}<\/script>\n<!-- \/ Yoast SEO plugin. -->","yoast_head_json":{"title":"Mask on: Wie du die Haut im Gesicht w\u00e4hrend des Tragens einer Maske sch\u00fctzt | Treatwell","description":"Dir ist auch schon aufgefallen, dass die Haut unter dem st\u00e4ndigen Tragen der Maske leidet? Dann haben wir hier nun Tipps, die dir helfen sie zu sch\u00fctzen.","robots":{"index":"index","follow":"follow","max-snippet":"max-snippet:-1","max-image-preview":"max-image-preview:large","max-video-preview":"max-video-preview:-1"},"canonical":"https:\/\/www.treatwell.ch/treatment-files\/mask-on-wie-du-die-haut-im-gesicht-waehrend-des-tragens-einer-maske-schuetzt\/","og_locale":"de_DE","og_type":"article","og_title":"Mask on: Wie du die Haut im Gesicht w\u00e4hrend des Tragens einer Maske sch\u00fctzt | Treatwell","og_description":"Dir ist auch schon aufgefallen, dass die Haut unter dem st\u00e4ndigen Tragen der Maske leidet? Dann haben wir hier nun Tipps, die dir helfen sie zu sch\u00fctzen.","og_url":"https:\/\/www.treatwell.ch/treatment-files\/mask-on-wie-du-die-haut-im-gesicht-waehrend-des-tragens-einer-maske-schuetzt\/","og_site_name":"The Treatment Files","article_published_time":"2021-05-04T09:04:39+00:00","og_image":[{"width":1000,"height":528,"url":"https:\/\/www.treatwell.ch/treatment-files\/wp-content\/uploads\/sites\/11\/2022\/03\/Mask-on_HERO.jpg","type":"image\/jpeg"}],"twitter_card":"summary_large_image","twitter_misc":{"Geschrieben von":""},"schema":{"@context":"https:\/\/schema.org","@graph":[{"@type":"Article","@id":"https:\/\/www.treatwell.ch/treatment-files\/mask-on-wie-du-die-haut-im-gesicht-waehrend-des-tragens-einer-maske-schuetzt\/#article","isPartOf":{"@id":"https:\/\/www.treatwell.ch/treatment-files\/mask-on-wie-du-die-haut-im-gesicht-waehrend-des-tragens-einer-maske-schuetzt\/"},"author":{"name":"","@id":""},"headline":"Mask on: Wie du die Haut im Gesicht w\u00e4hrend des Tragens einer Maske sch\u00fctzt","datePublished":"2021-05-04T09:04:39+00:00","mainEntityOfPage":{"@id":"https:\/\/www.treatwell.ch/treatment-files\/mask-on-wie-du-die-haut-im-gesicht-waehrend-des-tragens-einer-maske-schuetzt\/"},"wordCount":97,"publisher":{"@id":"https:\/\/www.treatwell.ch/treatment-files\/#organization"},"image":{"@id":"https:\/\/www.treatwell.ch/treatment-files\/mask-on-wie-du-die-haut-im-gesicht-waehrend-des-tragens-einer-maske-schuetzt\/#primaryimage"},"thumbnailUrl":"https:\/\/www.treatwell.ch/treatment-files\/wp-content\/uploads\/sites\/11\/2022\/03\/Maske-tragen_Haut-schu\u0308tzen_FEATURED.jpg","keywords":["Face","Facials","Skincare Consultation"],"articleSection":["Beauty"],"inLanguage":"de-CH"},{"@type":"WebPage","@id":"https:\/\/www.treatwell.ch/treatment-files\/mask-on-wie-du-die-haut-im-gesicht-waehrend-des-tragens-einer-maske-schuetzt\/","url":"https:\/\/www.treatwell.ch/treatment-files\/mask-on-wie-du-die-haut-im-gesicht-waehrend-des-tragens-einer-maske-schuetzt\/","name":"Mask on: Wie du die Haut im Gesicht w\u00e4hrend des Tragens einer Maske sch\u00fctzt | Treatwell","isPartOf":{"@id":"https:\/\/www.treatwell.ch/treatment-files\/#website"},"primaryImageOfPage":{"@id":"https:\/\/www.treatwell.ch/treatment-files\/mask-on-wie-du-die-haut-im-gesicht-waehrend-des-tragens-einer-maske-schuetzt\/#primaryimage"},"image":{"@id":"https:\/\/www.treatwell.ch/treatment-files\/mask-on-wie-du-die-haut-im-gesicht-waehrend-des-tragens-einer-maske-schuetzt\/#primaryimage"},"thumbnailUrl":"https:\/\/www.treatwell.ch/treatment-files\/wp-content\/uploads\/sites\/11\/2022\/03\/Maske-tragen_Haut-schu\u0308tzen_FEATURED.jpg","datePublished":"2021-05-04T09:04:39+00:00","description":"Dir ist auch schon aufgefallen, dass die Haut unter dem st\u00e4ndigen Tragen der Maske leidet? Dann haben wir hier nun Tipps, die dir helfen sie zu sch\u00fctzen.","breadcrumb":{"@id":"https:\/\/www.treatwell.ch/treatment-files\/mask-on-wie-du-die-haut-im-gesicht-waehrend-des-tragens-einer-maske-schuetzt\/#breadcrumb"},"inLanguage":"de-CH","potentialAction":[{"@type":"ReadAction","target":["https:\/\/www.treatwell.ch/treatment-files\/mask-on-wie-du-die-haut-im-gesicht-waehrend-des-tragens-einer-maske-schuetzt\/"]}]},{"@type":"ImageObject","inLanguage":"de-CH","@id":"https:\/\/www.treatwell.ch/treatment-files\/mask-on-wie-du-die-haut-im-gesicht-waehrend-des-tragens-einer-maske-schuetzt\/#primaryimage","url":"https:\/\/www.treatwell.ch/treatment-files\/wp-content\/uploads\/sites\/11\/2022\/03\/Maske-tragen_Haut-schu\u0308tzen_FEATURED.jpg","contentUrl":"https:\/\/www.treatwell.ch/treatment-files\/wp-content\/uploads\/sites\/11\/2022\/03\/Maske-tragen_Haut-schu\u0308tzen_FEATURED.jpg","width":528,"height":528},{"@type":"BreadcrumbList","@id":"https:\/\/www.treatwell.ch/treatment-files\/mask-on-wie-du-die-haut-im-gesicht-waehrend-des-tragens-einer-maske-schuetzt\/#breadcrumb","itemListElement":[{"@type":"ListItem","position":1,"name":"Home","item":"https:\/\/www.treatwell.ch/treatment-files\/"},{"@type":"ListItem","position":2,"name":"Beauty","item":"https:\/\/www.treatwell.ch/treatment-files\/beauty\/"},{"@type":"ListItem","position":3,"name":"Mask on: Wie du die Haut im Gesicht w\u00e4hrend des Tragens einer Maske sch\u00fctzt"}]},{"@type":"WebSite","@id":"https:\/\/www.treatwell.ch/treatment-files\/#website","url":"https:\/\/www.treatwell.ch/treatment-files\/","name":"The Treatment Files","description":"Beauty entdecken. Beauty erleben.","publisher":{"@id":"https:\/\/www.treatwell.ch/treatment-files\/#organization"},"potentialAction":[{"@type":"SearchAction","target":{"@type":"EntryPoint","urlTemplate":"https:\/\/www.treatwell.ch/treatment-files\/?s={search_term_string}"},"query-input":{"@type":"PropertyValueSpecification","valueRequired":true,"valueName":"search_term_string"}}],"inLanguage":"de-CH"},{"@type":"Organization","@id":"https:\/\/www.treatwell.ch/treatment-files\/#organization","name":"Treatwell","url":"https:\/\/www.treatwell.ch/treatment-files\/","logo":{"@type":"ImageObject","inLanguage":"de-CH","@id":"https:\/\/www.treatwell.ch/treatment-files\/#\/schema\/logo\/image\/","url":"https:\/\/www.treatwell.ch/treatment-files\/wp-content\/uploads\/sites\/11\/2022\/03\/logo_treatwell.png","contentUrl":"https:\/\/www.treatwell.ch/treatment-files\/wp-content\/uploads\/sites\/11\/2022\/03\/logo_treatwell.png","width":889,"height":164,"caption":"Treatwell"},"image":{"@id":"https:\/\/www.treatwell.ch/treatment-files\/#\/schema\/logo\/image\/"}},{"@type":"Person","@id":"","url":"https:\/\/www.treatwell.ch/treatment-files\/author\/"}]}},"featured_image_src":"https:\/\/www.treatwell.ch/treatment-files\/wp-content\/uploads\/sites\/11\/2022\/03\/Maske-tragen_Haut-schu\u0308tzen_FEATURED-528x400.jpg","featured_image_src_square":"https:\/\/www.treatwell.ch/treatment-files\/wp-content\/uploads\/sites\/11\/2022\/03\/Maske-tragen_Haut-schu\u0308tzen_FEATURED.jpg","author_info":{"display_name":"","author_link":"https:\/\/www.treatwell.ch/treatment-files\/author\/"},"_links":{"self":[{"href":"https:\/\/www.treatwell.ch\/treatment-files\/wp-json\/wp\/v2\/posts\/16334","targetHints":{"allow":["GET"]}}],"collection":[{"href":"https:\/\/www.treatwell.ch\/treatment-files\/wp-json\/wp\/v2\/posts"}],"about":[{"href":"https:\/\/www.treatwell.ch\/treatment-files\/wp-json\/wp\/v2\/types\/post"}],"author":[{"embeddable":true,"href":"https:\/\/www.treatwell.ch\/treatment-files\/wp-json\/wp\/v2\/users\/3319"}],"replies":[{"embeddable":true,"href":"https:\/\/www.treatwell.ch\/treatment-files\/wp-json\/wp\/v2\/comments?post=16334"}],"version-history":[{"count":0,"href":"https:\/\/www.treatwell.ch\/treatment-files\/wp-json\/wp\/v2\/posts\/16334\/revisions"}],"wp:featuredmedia":[{"embeddable":true,"href":"https:\/\/www.treatwell.ch\/treatment-files\/wp-json\/wp\/v2\/media\/16341"}],"wp:attachment":[{"href":"https:\/\/www.treatwell.ch\/treatment-files\/wp-json\/wp\/v2\/media?parent=16334"}],"wp:term":[{"taxonomy":"category","embeddable":true,"href":"https:\/\/www.treatwell.ch\/treatment-files\/wp-json\/wp\/v2\/categories?post=16334"},{"taxonomy":"post_tag","embeddable":true,"href":"https:\/\/www.treatwell.ch\/treatment-files\/wp-json\/wp\/v2\/tags?post=16334"}],"curies":[{"name":"wp","href":"https:\/\/api.w.org\/{rel}","templated":true}]}}