{"id":16992,"date":"2021-09-29T16:24:33","date_gmt":"2021-09-29T14:24:33","guid":{"rendered":"http:\/\/www.treatwell.ch\/treatment-files\/?p=21084"},"modified":"2021-09-29T16:24:33","modified_gmt":"2021-09-29T14:24:33","slug":"warum-du-diese-3-make-up-trends-diesen-herbst-winter-2021-unbedingt-probieren-solltest","status":"publish","type":"post","link":"https:\/\/www.treatwell.ch/treatment-files\/warum-du-diese-3-make-up-trends-diesen-herbst-winter-2021-unbedingt-probieren-solltest\/","title":{"rendered":"Warum du diese 3 Make-up-Trends diesen Herbst\/Winter 2021 unbedingt probieren solltest"},"content":{"rendered":"<p style=\"text-align: justify\"><span style=\"font-weight: 400\">Mit dem Start der Herbstsaison kommen die neuen Trends. Einige davon durften wir euch dank der <a href=\"https:\/\/www.treatwell.at\/treatment-files\/das-waren-die-beauty-highlights-der-berliner-fashion-week\/\">Berlin Fashion Week<\/a> und <a href=\"https:\/\/www.treatwell.at\/treatment-files\/new-york-new-york-das-waren-die-schoensten-beauty-highlights-der-new-york-fashion-week\/\">NYFW<\/a> vorstellen: von popul\u00e4ren Haarfarben \u00fcber bunte Nail-Art war alles dabei. Was wir allerdings noch nicht hatten, waren die neuen Herbst-Looks: das sind die 3 gr\u00f6\u00dften Make-up-Trends f\u00fcr Herbst\/Winter 2021, die wir unbedingt probieren m\u00f6chten.<\/span><\/p>\n<p style=\"text-align: justify\"><span style=\"font-weight: 400\">Von Isabella<\/span><\/p>\n","protected":false},"excerpt":{"rendered":"<p>Mit dem Start der Herbstsaison kommen die neuen Trends. Einige davon durften wir euch dank der Berlin Fashion Week und NYFW vorstellen: von popul\u00e4ren Haarfarben \u00fcber bunte Nail-Art war alles dabei. Was wir allerdings noch nicht hatten, waren die neuen Herbst-Looks: das sind die 3 gr\u00f6\u00dften Make-up-Trends f\u00fcr Herbst\/Winter 2021, die wir unbedingt probieren m\u00f6chten. [&hellip;]<\/p>\n","protected":false},"author":3318,"featured_media":16997,"comment_status":"closed","ping_status":"closed","sticky":false,"template":"","format":"standard","meta":{"_acf_changed":false,"_yoast_wpseo_title":"","_yoast_wpseo_metadesc":"Mit dem Start der Herbstsaison kommen die neuen Trends. Einige davon durften wir euch dank der Berlin Fashion Week und NYFW vorstellen: von popul\u00e4ren Haarfarben \u00fcber bunte Nail-Art war alles dabei. Was wir allerdings noch nicht hatten, waren die neuen Herbst-Looks: das sind die 3 gr\u00f6\u00dften Make-up-Trends f\u00fcr Herbst\/Winter 2021, die wir unbedingt probieren m\u00f6chten.","_genesis_hide_title":false,"_genesis_hide_breadcrumbs":false,"_genesis_hide_singular_image":false,"_genesis_hide_footer_widgets":false,"_genesis_custom_body_class":"","_genesis_custom_post_class":"","_genesis_layout":"","saswp_custom_schema_field":"","footnotes":""},"categories":[9],"tags":[42,43],"class_list":{"0":"post-16992","1":"post","2":"type-post","3":"status-publish","4":"format-standard","5":"has-post-thumbnail","7":"category-beauty","8":"tag-tr212","9":"tag-vt53","10":"entry"},"acf":{"post_credits":"Bildrechte: Shutterstock, @hooperartistry","beauty_blog_post_button_title":"","beauty_blog_post_button":"","landscape_picture":16996,"blocks":[{"block_title":"Eyeliner 2.0","block_content":"<p>Hier ist besonders viel &Uuml;bung gefragt, denn der klassische Eyeliner mit &lsquo;Flick&rsquo; ist gerade besonders beliebt. Alles, was du daf&uuml;r ben&ouml;tigst, ist einen Fl&uuml;ssigeyeliner und ein ruhiges H&auml;ndchen. Der superpr&auml;zise Eyeliner l&auml;sst sich besonders gut mit einem neutralen Lippenstift in Beeren- und Nudet&ouml;nen kombinieren.<\/p>\n","video_content":"","block_picture":16993},{"block_title":"Soft\u2019n smokey","block_content":"<p>Smokey Eyes? Sind eigentlich nie von der Bildfl&auml;che verschwunden, werden jetzt aber etwas zarter getragen. Vergiss Pandaaugen und Vampire-Styles: Ros&eacute; Gold. Olivgr&uuml;n und Pflaumenfarben sorgen f&uuml;r herbstliche und nicht zu auff&auml;llige Akzente. F&uuml;r einen coolen Night-Out Look greifen wir am liebsten zu Metallict&ouml;ne.<\/p>\n","video_content":"","block_picture":16994},{"block_title":"90er Lippen","block_content":"<p>W&auml;hrend auf den Augen fruchtige Farben wie Beeren, Pflaume und Olive getragen werden, h&auml;lt man die Lippen diese Herbstsaison eher schlicht. Kultfarben aus den 90er Jahren wie Nudet&ouml;ne schmeicheln dem eigenen Hautton und lassen die Lippen mittels Lipliner f&uuml;lliger erscheinen.&nbsp;Du wei&szlig;t nicht so richtig was dir steht und m&ouml;chtest dich von einem Pro beraten lassen? Mit Treatwell, kannst du <a href=\"http:\/\/www.treatwell.ch\/\">Beauty und all deine Lieblingssalons online buchen<\/a> &ndash; simpel, m&uuml;helos, und du kannst es von unterwegs machen. Hier gehts <a href=\"https:\/\/www.treatwell.ch\/orte\/behandlung-make-up\/angebot-typ-lokal\/in-ch\/\">zu den besten Salons in deiner Umgebung<\/a>.&nbsp;<\/p>\n","video_content":"","block_picture":16995}]},"yoast_head":"<!-- This site is optimized with the Yoast SEO plugin v27.4 - https:\/\/yoast.com\/product\/yoast-seo-wordpress\/ -->\n<title>Warum du diese 3 Make-up-Trends diesen Herbst\/Winter 2021 unbedingt probieren solltest | Treatwell<\/title>\n<meta name=\"description\" content=\"Mit dem Start der Herbstsaison kommen die neuen Trends. Einige davon durften wir euch dank der Berlin Fashion Week und NYFW vorstellen: von popul\u00e4ren Haarfarben \u00fcber bunte Nail-Art war alles dabei. Was wir allerdings noch nicht hatten, waren die neuen Herbst-Looks: das sind die 3 gr\u00f6\u00dften Make-up-Trends f\u00fcr Herbst\/Winter 2021, die wir unbedingt probieren m\u00f6chten.\" \/>\n<meta name=\"robots\" content=\"index, follow, max-snippet:-1, max-image-preview:large, max-video-preview:-1\" \/>\n<link rel=\"canonical\" href=\"https:\/\/www.treatwell.ch/treatment-files\/warum-du-diese-3-make-up-trends-diesen-herbst-winter-2021-unbedingt-probieren-solltest\/\" \/>\n<meta property=\"og:locale\" content=\"de_DE\" \/>\n<meta property=\"og:type\" content=\"article\" \/>\n<meta property=\"og:title\" content=\"Warum du diese 3 Make-up-Trends diesen Herbst\/Winter 2021 unbedingt probieren solltest | Treatwell\" \/>\n<meta property=\"og:description\" content=\"Mit dem Start der Herbstsaison kommen die neuen Trends. Einige davon durften wir euch dank der Berlin Fashion Week und NYFW vorstellen: von popul\u00e4ren Haarfarben \u00fcber bunte Nail-Art war alles dabei. Was wir allerdings noch nicht hatten, waren die neuen Herbst-Looks: das sind die 3 gr\u00f6\u00dften Make-up-Trends f\u00fcr Herbst\/Winter 2021, die wir unbedingt probieren m\u00f6chten.\" \/>\n<meta property=\"og:url\" content=\"https:\/\/www.treatwell.ch/treatment-files\/warum-du-diese-3-make-up-trends-diesen-herbst-winter-2021-unbedingt-probieren-solltest\/\" \/>\n<meta property=\"og:site_name\" content=\"The Treatment Files\" \/>\n<meta property=\"article:published_time\" content=\"2021-09-29T14:24:33+00:00\" \/>\n<meta property=\"og:image\" content=\"https:\/\/www.treatwell.ch/treatment-files\/wp-content\/uploads\/sites\/11\/2022\/03\/Schermafbeelding-2021-09-22-om-15.41.52.png\" \/>\n\t<meta property=\"og:image:width\" content=\"1022\" \/>\n\t<meta property=\"og:image:height\" content=\"628\" \/>\n\t<meta property=\"og:image:type\" content=\"image\/png\" \/>\n<meta name=\"author\" content=\"Isabella Tombinski-robb\" \/>\n<meta name=\"twitter:card\" content=\"summary_large_image\" \/>\n<meta name=\"twitter:label1\" content=\"Geschrieben von\" \/>\n\t<meta name=\"twitter:data1\" content=\"Isabella Tombinski-robb\" \/>\n<script type=\"application\/ld+json\" class=\"yoast-schema-graph\">{\"@context\":\"https:\\\/\\\/schema.org\",\"@graph\":[{\"@type\":\"Article\",\"@id\":\"https:\\\/\\\/www.treatwell.ch/treatment-files\\\/warum-du-diese-3-make-up-trends-diesen-herbst-winter-2021-unbedingt-probieren-solltest\\\/#article\",\"isPartOf\":{\"@id\":\"https:\\\/\\\/www.treatwell.ch/treatment-files\\\/warum-du-diese-3-make-up-trends-diesen-herbst-winter-2021-unbedingt-probieren-solltest\\\/\"},\"author\":{\"name\":\"Isabella Tombinski-robb\",\"@id\":\"https:\\\/\\\/www.treatwell.ch/treatment-files\\\/#\\\/schema\\\/person\\\/869d3f19bdf4203c8e6e97c64e1c3c8e\"},\"headline\":\"Warum du diese 3 Make-up-Trends diesen Herbst\\\/Winter 2021 unbedingt probieren solltest\",\"datePublished\":\"2021-09-29T14:24:33+00:00\",\"mainEntityOfPage\":{\"@id\":\"https:\\\/\\\/www.treatwell.ch/treatment-files\\\/warum-du-diese-3-make-up-trends-diesen-herbst-winter-2021-unbedingt-probieren-solltest\\\/\"},\"wordCount\":70,\"publisher\":{\"@id\":\"https:\\\/\\\/www.treatwell.ch/treatment-files\\\/#organization\"},\"image\":{\"@id\":\"https:\\\/\\\/www.treatwell.ch/treatment-files\\\/warum-du-diese-3-make-up-trends-diesen-herbst-winter-2021-unbedingt-probieren-solltest\\\/#primaryimage\"},\"thumbnailUrl\":\"https:\\\/\\\/www.treatwell.ch/treatment-files\\\/wp-content\\\/uploads\\\/sites\\\/11\\\/2022\\\/03\\\/Schermafbeelding-2021-09-22-om-15.41.52.jpg\",\"keywords\":[\"Makeup\",\"Makeup Studio\"],\"articleSection\":[\"Beauty\"],\"inLanguage\":\"de-CH\"},{\"@type\":\"WebPage\",\"@id\":\"https:\\\/\\\/www.treatwell.ch/treatment-files\\\/warum-du-diese-3-make-up-trends-diesen-herbst-winter-2021-unbedingt-probieren-solltest\\\/\",\"url\":\"https:\\\/\\\/www.treatwell.ch/treatment-files\\\/warum-du-diese-3-make-up-trends-diesen-herbst-winter-2021-unbedingt-probieren-solltest\\\/\",\"name\":\"Warum du diese 3 Make-up-Trends diesen Herbst\\\/Winter 2021 unbedingt probieren solltest | Treatwell\",\"isPartOf\":{\"@id\":\"https:\\\/\\\/www.treatwell.ch/treatment-files\\\/#website\"},\"primaryImageOfPage\":{\"@id\":\"https:\\\/\\\/www.treatwell.ch/treatment-files\\\/warum-du-diese-3-make-up-trends-diesen-herbst-winter-2021-unbedingt-probieren-solltest\\\/#primaryimage\"},\"image\":{\"@id\":\"https:\\\/\\\/www.treatwell.ch/treatment-files\\\/warum-du-diese-3-make-up-trends-diesen-herbst-winter-2021-unbedingt-probieren-solltest\\\/#primaryimage\"},\"thumbnailUrl\":\"https:\\\/\\\/www.treatwell.ch/treatment-files\\\/wp-content\\\/uploads\\\/sites\\\/11\\\/2022\\\/03\\\/Schermafbeelding-2021-09-22-om-15.41.52.jpg\",\"datePublished\":\"2021-09-29T14:24:33+00:00\",\"description\":\"Mit dem Start der Herbstsaison kommen die neuen Trends. Einige davon durften wir euch dank der Berlin Fashion Week und NYFW vorstellen: von popul\u00e4ren Haarfarben \u00fcber bunte Nail-Art war alles dabei. Was wir allerdings noch nicht hatten, waren die neuen Herbst-Looks: das sind die 3 gr\u00f6\u00dften Make-up-Trends f\u00fcr Herbst\\\/Winter 2021, die wir unbedingt probieren m\u00f6chten.\",\"breadcrumb\":{\"@id\":\"https:\\\/\\\/www.treatwell.ch/treatment-files\\\/warum-du-diese-3-make-up-trends-diesen-herbst-winter-2021-unbedingt-probieren-solltest\\\/#breadcrumb\"},\"inLanguage\":\"de-CH\",\"potentialAction\":[{\"@type\":\"ReadAction\",\"target\":[\"https:\\\/\\\/www.treatwell.ch/treatment-files\\\/warum-du-diese-3-make-up-trends-diesen-herbst-winter-2021-unbedingt-probieren-solltest\\\/\"]}]},{\"@type\":\"ImageObject\",\"inLanguage\":\"de-CH\",\"@id\":\"https:\\\/\\\/www.treatwell.ch/treatment-files\\\/warum-du-diese-3-make-up-trends-diesen-herbst-winter-2021-unbedingt-probieren-solltest\\\/#primaryimage\",\"url\":\"https:\\\/\\\/www.treatwell.ch/treatment-files\\\/wp-content\\\/uploads\\\/sites\\\/11\\\/2022\\\/03\\\/Schermafbeelding-2021-09-22-om-15.41.52.jpg\",\"contentUrl\":\"https:\\\/\\\/www.treatwell.ch/treatment-files\\\/wp-content\\\/uploads\\\/sites\\\/11\\\/2022\\\/03\\\/Schermafbeelding-2021-09-22-om-15.41.52.jpg\",\"width\":523,\"height\":628},{\"@type\":\"BreadcrumbList\",\"@id\":\"https:\\\/\\\/www.treatwell.ch/treatment-files\\\/warum-du-diese-3-make-up-trends-diesen-herbst-winter-2021-unbedingt-probieren-solltest\\\/#breadcrumb\",\"itemListElement\":[{\"@type\":\"ListItem\",\"position\":1,\"name\":\"Home\",\"item\":\"https:\\\/\\\/www.treatwell.ch/treatment-files\\\/\"},{\"@type\":\"ListItem\",\"position\":2,\"name\":\"Beauty\",\"item\":\"https:\\\/\\\/www.treatwell.ch/treatment-files\\\/beauty\\\/\"},{\"@type\":\"ListItem\",\"position\":3,\"name\":\"Warum du diese 3 Make-up-Trends diesen Herbst\\\/Winter 2021 unbedingt probieren solltest\"}]},{\"@type\":\"WebSite\",\"@id\":\"https:\\\/\\\/www.treatwell.ch/treatment-files\\\/#website\",\"url\":\"https:\\\/\\\/www.treatwell.ch/treatment-files\\\/\",\"name\":\"The Treatment Files\",\"description\":\"Beauty entdecken. Beauty erleben.\",\"publisher\":{\"@id\":\"https:\\\/\\\/www.treatwell.ch/treatment-files\\\/#organization\"},\"potentialAction\":[{\"@type\":\"SearchAction\",\"target\":{\"@type\":\"EntryPoint\",\"urlTemplate\":\"https:\\\/\\\/www.treatwell.ch/treatment-files\\\/?s={search_term_string}\"},\"query-input\":{\"@type\":\"PropertyValueSpecification\",\"valueRequired\":true,\"valueName\":\"search_term_string\"}}],\"inLanguage\":\"de-CH\"},{\"@type\":\"Organization\",\"@id\":\"https:\\\/\\\/www.treatwell.ch/treatment-files\\\/#organization\",\"name\":\"Treatwell\",\"url\":\"https:\\\/\\\/www.treatwell.ch/treatment-files\\\/\",\"logo\":{\"@type\":\"ImageObject\",\"inLanguage\":\"de-CH\",\"@id\":\"https:\\\/\\\/www.treatwell.ch/treatment-files\\\/#\\\/schema\\\/logo\\\/image\\\/\",\"url\":\"https:\\\/\\\/www.treatwell.ch/treatment-files\\\/wp-content\\\/uploads\\\/sites\\\/11\\\/2022\\\/03\\\/logo_treatwell.png\",\"contentUrl\":\"https:\\\/\\\/www.treatwell.ch/treatment-files\\\/wp-content\\\/uploads\\\/sites\\\/11\\\/2022\\\/03\\\/logo_treatwell.png\",\"width\":889,\"height\":164,\"caption\":\"Treatwell\"},\"image\":{\"@id\":\"https:\\\/\\\/www.treatwell.ch/treatment-files\\\/#\\\/schema\\\/logo\\\/image\\\/\"}},{\"@type\":\"Person\",\"@id\":\"https:\\\/\\\/www.treatwell.ch/treatment-files\\\/#\\\/schema\\\/person\\\/869d3f19bdf4203c8e6e97c64e1c3c8e\",\"name\":\"Isabella Tombinski-robb\",\"image\":{\"@type\":\"ImageObject\",\"inLanguage\":\"de-CH\",\"@id\":\"https:\\\/\\\/secure.gravatar.com\\\/avatar\\\/624ce3bd6151d711f02c8c31549c8390027943dc1293e17bf28c136ce4288a80?s=96&d=mm&r=g\",\"url\":\"https:\\\/\\\/secure.gravatar.com\\\/avatar\\\/624ce3bd6151d711f02c8c31549c8390027943dc1293e17bf28c136ce4288a80?s=96&d=mm&r=g\",\"contentUrl\":\"https:\\\/\\\/secure.gravatar.com\\\/avatar\\\/624ce3bd6151d711f02c8c31549c8390027943dc1293e17bf28c136ce4288a80?s=96&d=mm&r=g\",\"caption\":\"Isabella Tombinski-robb\"},\"url\":\"https:\\\/\\\/www.treatwell.ch/treatment-files\\\/author\\\/isabellatombinskirobb\\\/\"}]}<\/script>\n<!-- \/ Yoast SEO plugin. -->","yoast_head_json":{"title":"Warum du diese 3 Make-up-Trends diesen Herbst\/Winter 2021 unbedingt probieren solltest | Treatwell","description":"Mit dem Start der Herbstsaison kommen die neuen Trends. Einige davon durften wir euch dank der Berlin Fashion Week und NYFW vorstellen: von popul\u00e4ren Haarfarben \u00fcber bunte Nail-Art war alles dabei. Was wir allerdings noch nicht hatten, waren die neuen Herbst-Looks: das sind die 3 gr\u00f6\u00dften Make-up-Trends f\u00fcr Herbst\/Winter 2021, die wir unbedingt probieren m\u00f6chten.","robots":{"index":"index","follow":"follow","max-snippet":"max-snippet:-1","max-image-preview":"max-image-preview:large","max-video-preview":"max-video-preview:-1"},"canonical":"https:\/\/www.treatwell.ch/treatment-files\/warum-du-diese-3-make-up-trends-diesen-herbst-winter-2021-unbedingt-probieren-solltest\/","og_locale":"de_DE","og_type":"article","og_title":"Warum du diese 3 Make-up-Trends diesen Herbst\/Winter 2021 unbedingt probieren solltest | Treatwell","og_description":"Mit dem Start der Herbstsaison kommen die neuen Trends. Einige davon durften wir euch dank der Berlin Fashion Week und NYFW vorstellen: von popul\u00e4ren Haarfarben \u00fcber bunte Nail-Art war alles dabei. Was wir allerdings noch nicht hatten, waren die neuen Herbst-Looks: das sind die 3 gr\u00f6\u00dften Make-up-Trends f\u00fcr Herbst\/Winter 2021, die wir unbedingt probieren m\u00f6chten.","og_url":"https:\/\/www.treatwell.ch/treatment-files\/warum-du-diese-3-make-up-trends-diesen-herbst-winter-2021-unbedingt-probieren-solltest\/","og_site_name":"The Treatment Files","article_published_time":"2021-09-29T14:24:33+00:00","og_image":[{"width":1022,"height":628,"url":"https:\/\/www.treatwell.ch/treatment-files\/wp-content\/uploads\/sites\/11\/2022\/03\/Schermafbeelding-2021-09-22-om-15.41.52.png","type":"image\/png"}],"author":"Isabella Tombinski-robb","twitter_card":"summary_large_image","twitter_misc":{"Geschrieben von":"Isabella Tombinski-robb"},"schema":{"@context":"https:\/\/schema.org","@graph":[{"@type":"Article","@id":"https:\/\/www.treatwell.ch/treatment-files\/warum-du-diese-3-make-up-trends-diesen-herbst-winter-2021-unbedingt-probieren-solltest\/#article","isPartOf":{"@id":"https:\/\/www.treatwell.ch/treatment-files\/warum-du-diese-3-make-up-trends-diesen-herbst-winter-2021-unbedingt-probieren-solltest\/"},"author":{"name":"Isabella Tombinski-robb","@id":"https:\/\/www.treatwell.ch/treatment-files\/#\/schema\/person\/869d3f19bdf4203c8e6e97c64e1c3c8e"},"headline":"Warum du diese 3 Make-up-Trends diesen Herbst\/Winter 2021 unbedingt probieren solltest","datePublished":"2021-09-29T14:24:33+00:00","mainEntityOfPage":{"@id":"https:\/\/www.treatwell.ch/treatment-files\/warum-du-diese-3-make-up-trends-diesen-herbst-winter-2021-unbedingt-probieren-solltest\/"},"wordCount":70,"publisher":{"@id":"https:\/\/www.treatwell.ch/treatment-files\/#organization"},"image":{"@id":"https:\/\/www.treatwell.ch/treatment-files\/warum-du-diese-3-make-up-trends-diesen-herbst-winter-2021-unbedingt-probieren-solltest\/#primaryimage"},"thumbnailUrl":"https:\/\/www.treatwell.ch/treatment-files\/wp-content\/uploads\/sites\/11\/2022\/03\/Schermafbeelding-2021-09-22-om-15.41.52.jpg","keywords":["Makeup","Makeup Studio"],"articleSection":["Beauty"],"inLanguage":"de-CH"},{"@type":"WebPage","@id":"https:\/\/www.treatwell.ch/treatment-files\/warum-du-diese-3-make-up-trends-diesen-herbst-winter-2021-unbedingt-probieren-solltest\/","url":"https:\/\/www.treatwell.ch/treatment-files\/warum-du-diese-3-make-up-trends-diesen-herbst-winter-2021-unbedingt-probieren-solltest\/","name":"Warum du diese 3 Make-up-Trends diesen Herbst\/Winter 2021 unbedingt probieren solltest | Treatwell","isPartOf":{"@id":"https:\/\/www.treatwell.ch/treatment-files\/#website"},"primaryImageOfPage":{"@id":"https:\/\/www.treatwell.ch/treatment-files\/warum-du-diese-3-make-up-trends-diesen-herbst-winter-2021-unbedingt-probieren-solltest\/#primaryimage"},"image":{"@id":"https:\/\/www.treatwell.ch/treatment-files\/warum-du-diese-3-make-up-trends-diesen-herbst-winter-2021-unbedingt-probieren-solltest\/#primaryimage"},"thumbnailUrl":"https:\/\/www.treatwell.ch/treatment-files\/wp-content\/uploads\/sites\/11\/2022\/03\/Schermafbeelding-2021-09-22-om-15.41.52.jpg","datePublished":"2021-09-29T14:24:33+00:00","description":"Mit dem Start der Herbstsaison kommen die neuen Trends. Einige davon durften wir euch dank der Berlin Fashion Week und NYFW vorstellen: von popul\u00e4ren Haarfarben \u00fcber bunte Nail-Art war alles dabei. Was wir allerdings noch nicht hatten, waren die neuen Herbst-Looks: das sind die 3 gr\u00f6\u00dften Make-up-Trends f\u00fcr Herbst\/Winter 2021, die wir unbedingt probieren m\u00f6chten.","breadcrumb":{"@id":"https:\/\/www.treatwell.ch/treatment-files\/warum-du-diese-3-make-up-trends-diesen-herbst-winter-2021-unbedingt-probieren-solltest\/#breadcrumb"},"inLanguage":"de-CH","potentialAction":[{"@type":"ReadAction","target":["https:\/\/www.treatwell.ch/treatment-files\/warum-du-diese-3-make-up-trends-diesen-herbst-winter-2021-unbedingt-probieren-solltest\/"]}]},{"@type":"ImageObject","inLanguage":"de-CH","@id":"https:\/\/www.treatwell.ch/treatment-files\/warum-du-diese-3-make-up-trends-diesen-herbst-winter-2021-unbedingt-probieren-solltest\/#primaryimage","url":"https:\/\/www.treatwell.ch/treatment-files\/wp-content\/uploads\/sites\/11\/2022\/03\/Schermafbeelding-2021-09-22-om-15.41.52.jpg","contentUrl":"https:\/\/www.treatwell.ch/treatment-files\/wp-content\/uploads\/sites\/11\/2022\/03\/Schermafbeelding-2021-09-22-om-15.41.52.jpg","width":523,"height":628},{"@type":"BreadcrumbList","@id":"https:\/\/www.treatwell.ch/treatment-files\/warum-du-diese-3-make-up-trends-diesen-herbst-winter-2021-unbedingt-probieren-solltest\/#breadcrumb","itemListElement":[{"@type":"ListItem","position":1,"name":"Home","item":"https:\/\/www.treatwell.ch/treatment-files\/"},{"@type":"ListItem","position":2,"name":"Beauty","item":"https:\/\/www.treatwell.ch/treatment-files\/beauty\/"},{"@type":"ListItem","position":3,"name":"Warum du diese 3 Make-up-Trends diesen Herbst\/Winter 2021 unbedingt probieren solltest"}]},{"@type":"WebSite","@id":"https:\/\/www.treatwell.ch/treatment-files\/#website","url":"https:\/\/www.treatwell.ch/treatment-files\/","name":"The Treatment Files","description":"Beauty entdecken. Beauty erleben.","publisher":{"@id":"https:\/\/www.treatwell.ch/treatment-files\/#organization"},"potentialAction":[{"@type":"SearchAction","target":{"@type":"EntryPoint","urlTemplate":"https:\/\/www.treatwell.ch/treatment-files\/?s={search_term_string}"},"query-input":{"@type":"PropertyValueSpecification","valueRequired":true,"valueName":"search_term_string"}}],"inLanguage":"de-CH"},{"@type":"Organization","@id":"https:\/\/www.treatwell.ch/treatment-files\/#organization","name":"Treatwell","url":"https:\/\/www.treatwell.ch/treatment-files\/","logo":{"@type":"ImageObject","inLanguage":"de-CH","@id":"https:\/\/www.treatwell.ch/treatment-files\/#\/schema\/logo\/image\/","url":"https:\/\/www.treatwell.ch/treatment-files\/wp-content\/uploads\/sites\/11\/2022\/03\/logo_treatwell.png","contentUrl":"https:\/\/www.treatwell.ch/treatment-files\/wp-content\/uploads\/sites\/11\/2022\/03\/logo_treatwell.png","width":889,"height":164,"caption":"Treatwell"},"image":{"@id":"https:\/\/www.treatwell.ch/treatment-files\/#\/schema\/logo\/image\/"}},{"@type":"Person","@id":"https:\/\/www.treatwell.ch/treatment-files\/#\/schema\/person\/869d3f19bdf4203c8e6e97c64e1c3c8e","name":"Isabella Tombinski-robb","image":{"@type":"ImageObject","inLanguage":"de-CH","@id":"https:\/\/secure.gravatar.com\/avatar\/624ce3bd6151d711f02c8c31549c8390027943dc1293e17bf28c136ce4288a80?s=96&d=mm&r=g","url":"https:\/\/secure.gravatar.com\/avatar\/624ce3bd6151d711f02c8c31549c8390027943dc1293e17bf28c136ce4288a80?s=96&d=mm&r=g","contentUrl":"https:\/\/secure.gravatar.com\/avatar\/624ce3bd6151d711f02c8c31549c8390027943dc1293e17bf28c136ce4288a80?s=96&d=mm&r=g","caption":"Isabella Tombinski-robb"},"url":"https:\/\/www.treatwell.ch/treatment-files\/author\/isabellatombinskirobb\/"}]}},"featured_image_src":"https:\/\/www.treatwell.ch/treatment-files\/wp-content\/uploads\/sites\/11\/2022\/03\/Schermafbeelding-2021-09-22-om-15.41.52-523x400.jpg","featured_image_src_square":"https:\/\/www.treatwell.ch/treatment-files\/wp-content\/uploads\/sites\/11\/2022\/03\/Schermafbeelding-2021-09-22-om-15.41.52-523x600.jpg","author_info":{"display_name":"Isabella Tombinski-robb","author_link":"https:\/\/www.treatwell.ch/treatment-files\/author\/isabellatombinskirobb\/"},"_links":{"self":[{"href":"https:\/\/www.treatwell.ch\/treatment-files\/wp-json\/wp\/v2\/posts\/16992","targetHints":{"allow":["GET"]}}],"collection":[{"href":"https:\/\/www.treatwell.ch\/treatment-files\/wp-json\/wp\/v2\/posts"}],"about":[{"href":"https:\/\/www.treatwell.ch\/treatment-files\/wp-json\/wp\/v2\/types\/post"}],"author":[{"embeddable":true,"href":"https:\/\/www.treatwell.ch\/treatment-files\/wp-json\/wp\/v2\/users\/3318"}],"replies":[{"embeddable":true,"href":"https:\/\/www.treatwell.ch\/treatment-files\/wp-json\/wp\/v2\/comments?post=16992"}],"version-history":[{"count":0,"href":"https:\/\/www.treatwell.ch\/treatment-files\/wp-json\/wp\/v2\/posts\/16992\/revisions"}],"wp:featuredmedia":[{"embeddable":true,"href":"https:\/\/www.treatwell.ch\/treatment-files\/wp-json\/wp\/v2\/media\/16997"}],"wp:attachment":[{"href":"https:\/\/www.treatwell.ch\/treatment-files\/wp-json\/wp\/v2\/media?parent=16992"}],"wp:term":[{"taxonomy":"category","embeddable":true,"href":"https:\/\/www.treatwell.ch\/treatment-files\/wp-json\/wp\/v2\/categories?post=16992"},{"taxonomy":"post_tag","embeddable":true,"href":"https:\/\/www.treatwell.ch\/treatment-files\/wp-json\/wp\/v2\/tags?post=16992"}],"curies":[{"name":"wp","href":"https:\/\/api.w.org\/{rel}","templated":true}]}}